{"viewingHint":"paged","service":[],"structures":[{"ranges":["https://sammlung.volkskundemuseum.at/i3f/v20/260638/range/262003"],"viewingHint":"top","@id":"https://sammlung.volkskundemuseum.at/i3f/v20/260638/range/260638","@type":"sc:Range","label":"Table of Contents"},{"canvases":["https://sammlung.volkskundemuseum.at/i3f/v20/260638/canvas/264279"],"@id":"https://sammlung.volkskundemuseum.at/i3f/v20/260638/range/262003","@type":"sc:Range","label":"dig/15926: Volkskundemuseum Wien"}],"sequences":[{"canvases":[{"height":4910,"width":3755,"images":[{"resource":{"service":{"profile":"http://iiif.io/api/image/2/level2.json","@context":"http://iiif.io/api/image/2/context.json","@id":"https://sammlung.volkskundemuseum.at/i3f/v20/264279"},"format":"image/jpeg","height":1307,"width":1000,"@id":"https://sammlung.volkskundemuseum.at/download/webcache/1000/264279","@type":"dctypes:Image"},"on":"https://sammlung.volkskundemuseum.at/i3f/v20/260638/canvas/264279","motivation":"sc:painting","@id":"https://sammlung.volkskundemuseum.at/i3f/v20/260638/annotation/264279","@type":"oa:Annotation"}],"label":"[1]","@id":"https://sammlung.volkskundemuseum.at/i3f/v20/260638/canvas/264279","@type":"sc:Canvas"}],"viewingHint":"paged","startCanvas":"https://sammlung.volkskundemuseum.at/i3f/v20/260638/canvas/264279","viewingDirection":"left-to-right","label":"Current Page Order","@context":"http://iiif.io/api/presentation/2/context.json","@id":"https://sammlung.volkskundemuseum.at/i3f/v20/260638/sequence/normal","@type":"sc:Sequence"}],"label":"A\u00d6MV/15195: Andachtsbild: Hl. Aemilianus von Cogolla","thumbnail":{"width":304,"height":397,"@id":"https://sammlung.volkskundemuseum.at/i3f/v21/264279/full/304/0/default.jpg","@type":"dctypes:Image","format":"image/jpeg"},"logo":{"@id":"https://sammlung.volkskundemuseum.at/domainresource/static/graphics/connectors/viewerLogo.gif","service":{"profile":"http://iiif.io/api/image/2/level2.json","@context":"http://iiif.io/api/image/2/context.json","@id":""}},"@context":"http://iiif.io/api/presentation/2/context.json","seeAlso":{"format":"application/xml","@id":"https://sammlung.volkskundemuseum.at/oai?verb=GetRecord&metadataPrefix=mets&identifier=260638","label":"METS"},"@id":"https://sammlung.volkskundemuseum.at/i3f/v20/260638/manifest","@type":"sc:Manifest","metadata":[{"value":"Gugitz, Gustav","label":"Collector"},{"value":"Umbach, Jonas","label":"Designer"},{"value":"Kilian, Bartholom\u00e4us der J\u00fcngere","label":"Engraver"},{"value":"Augsburg (Herstellungsort)   ; 2. H\u00e4lfte 17. Jh.-Anfang 18. Jh.","label":"Creation"},{"value":"Papier ; B\u00fcttenpapier","label":"Material"},{"value":"Kupferstich","label":"Technique"},{"value":"H: 20,4 cm B: 15,3 cm Platte: H: 13,3 cm B: 9 cm","label":"Dimensions"},{"value":"Objekt","label":"Object Category"},{"value":"Andachtsbild, kleines","label":"Object Name"},{"value":"A\u00d6MV/15195","label":"Inventory number"},{"value":"Benediktiner (Orden)","label":"Association"},{"value":"Ankauf","label":"Acquisition type"}]}