{"viewingHint":"paged","service":[],"structures":[{"ranges":["https://sammlung.volkskundemuseum.at/i3f/v20/255829/range/257491","https://sammlung.volkskundemuseum.at/i3f/v20/255829/range/257492"],"viewingHint":"top","@id":"https://sammlung.volkskundemuseum.at/i3f/v20/255829/range/255829","@type":"sc:Range","label":"Table of Contents"},{"canvases":["https://sammlung.volkskundemuseum.at/i3f/v20/255829/canvas/259079"],"@id":"https://sammlung.volkskundemuseum.at/i3f/v20/255829/range/257491","@type":"sc:Range","label":"dig/37345: Volkskundemuseum Wien"},{"canvases":["https://sammlung.volkskundemuseum.at/i3f/v20/255829/canvas/259080"],"@id":"https://sammlung.volkskundemuseum.at/i3f/v20/255829/range/257492","@type":"sc:Range","label":"dig/37346: Volkskundemuseum Wien"}],"sequences":[{"canvases":[{"height":4114,"width":4159,"images":[{"resource":{"service":{"profile":"http://iiif.io/api/image/2/level2.json","@context":"http://iiif.io/api/image/2/context.json","@id":"https://sammlung.volkskundemuseum.at/i3f/v20/259079"},"format":"image/jpeg","height":989,"width":1000,"@id":"https://sammlung.volkskundemuseum.at/download/webcache/1000/259079","@type":"dctypes:Image"},"on":"https://sammlung.volkskundemuseum.at/i3f/v20/255829/canvas/259079","motivation":"sc:painting","@id":"https://sammlung.volkskundemuseum.at/i3f/v20/255829/annotation/259079","@type":"oa:Annotation"}],"label":"[1]","@id":"https://sammlung.volkskundemuseum.at/i3f/v20/255829/canvas/259079","@type":"sc:Canvas"},{"height":2057,"width":2107,"images":[{"resource":{"service":{"profile":"http://iiif.io/api/image/2/level2.json","@context":"http://iiif.io/api/image/2/context.json","@id":"https://sammlung.volkskundemuseum.at/i3f/v20/259080"},"format":"image/jpeg","height":976,"width":1000,"@id":"https://sammlung.volkskundemuseum.at/download/webcache/1000/259080","@type":"dctypes:Image"},"on":"https://sammlung.volkskundemuseum.at/i3f/v20/255829/canvas/259080","motivation":"sc:painting","@id":"https://sammlung.volkskundemuseum.at/i3f/v20/255829/annotation/259080","@type":"oa:Annotation"}],"label":"[2]","@id":"https://sammlung.volkskundemuseum.at/i3f/v20/255829/canvas/259080","@type":"sc:Canvas"}],"viewingHint":"paged","startCanvas":"https://sammlung.volkskundemuseum.at/i3f/v20/255829/canvas/259079","viewingDirection":"left-to-right","label":"Current Page Order","@context":"http://iiif.io/api/presentation/2/context.json","@id":"https://sammlung.volkskundemuseum.at/i3f/v20/255829/sequence/normal","@type":"sc:Sequence"}],"label":"dia/996: Diapositiv: Familie Veit beim Mittagessen, G\u00f6\u00dfl, Steiermark","thumbnail":{"width":304,"height":300,"@id":"https://sammlung.volkskundemuseum.at/i3f/v21/259079/full/304/0/default.jpg","@type":"dctypes:Image","format":"image/jpeg"},"logo":{"@id":"https://sammlung.volkskundemuseum.at/domainresource/static/graphics/connectors/viewerLogo.gif","service":{"profile":"http://iiif.io/api/image/2/level2.json","@context":"http://iiif.io/api/image/2/context.json","@id":""}},"@context":"http://iiif.io/api/presentation/2/context.json","seeAlso":{"format":"application/xml","@id":"https://sammlung.volkskundemuseum.at/oai?verb=GetRecord&metadataPrefix=mets&identifier=255829","label":"METS"},"@id":"https://sammlung.volkskundemuseum.at/i3f/v20/255829/manifest","@type":"sc:Manifest","metadata":[{"value":"Glasdiapositiv gerahmt, mit schwarzen Papierstreifen umklebt, Reproduktion eines Positivs. Abgebildet sind zwei M\u00e4nner, ein Junge und zwei Frauen beim Mittagessen um einen Tisch sitzend. Es handelt sich um die Familie Veit. Links im Bild ist ein Fenster und an der Wand \u00fcber dem Tisch h\u00e4ngt eine Art Urkunde. Die Frau rechts im Bild bewegt sich und ist daher verschwommen abgebildet. Am Tisch stehen mehrere Sch\u00fcsseln. Aufgenommen vermutlich in der ber\u00fchmten \"Veitkuchl\" um 1900.","label":"Beschreibung"},{"value":"Mautner, Konrad","label":"Fotograf:in"},{"value":"\u00d6sterreichisches Volksbildungsamt","label":"Herausgeber:in"},{"value":"Wien (Aufnahmeort)   ; vor 1928 (Aufnahmedatum)","label":"Entstehung"},{"value":"Glas, Fotografie ; Papierstreifen","label":"Material"},{"value":"Diapositivverfahren schwarz-wei\u00df","label":"Technik"},{"value":"quadratisch","label":"Format"},{"value":"H: 8,2 cm B: 8,2 cm","label":"Abmessungen"},{"value":"Objekt","label":"Objekttyp"},{"value":"Glasdiapositiv, schwarz-wei\u00df","label":"Objektart"},{"value":"dia/996","label":"Inventarnummer"},{"value":"Tracht, Steiermark","label":"Assoziation"},{"value":"[dia/983/001] - Diapositiv: \u00e4ltere Frau tr\u00e4gt Essen aufs Feld, G\u00f6\u00dfl, Steiermark[dia/983/002] - Diapositiv: \u00e4ltere Frau tr\u00e4gt Essen aufs Feld[dia/995] - Diapositiv: Frau Pfeife rauchend, G\u00f6\u00dfl, Steiermark[dia/990] - Diapositiv: Familie auf einer Bank sitzend, G\u00f6\u00dfl, Steiermark","label":"\u00c4hnliche Objekte"},{"value":"recto: Mittagszeit im Herrgottswinkel 2. // Leihgabe K. MAUTNER\rverso: Eigentum des \u00d6sterr. Volksbildungsamtes. /// 996 / B. / 2 / Inv.-Nr. / 18174 / B. / 207 // XV3","label":"Inschrift / Aufschrift"},{"value":"Dauerleihgabe","label":"Erwerbungsart"}]}