{"viewingHint":"paged","service":[],"structures":[{"ranges":["https://sammlung.volkskundemuseum.at/i3f/v20/255825/range/257483","https://sammlung.volkskundemuseum.at/i3f/v20/255825/range/257484"],"viewingHint":"top","@id":"https://sammlung.volkskundemuseum.at/i3f/v20/255825/range/255825","@type":"sc:Range","label":"Table of Contents"},{"canvases":["https://sammlung.volkskundemuseum.at/i3f/v20/255825/canvas/259071"],"@id":"https://sammlung.volkskundemuseum.at/i3f/v20/255825/range/257483","@type":"sc:Range","label":"dig/37337: Volkskundemuseum Wien"},{"canvases":["https://sammlung.volkskundemuseum.at/i3f/v20/255825/canvas/259072"],"@id":"https://sammlung.volkskundemuseum.at/i3f/v20/255825/range/257484","@type":"sc:Range","label":"dig/37338: Volkskundemuseum Wien"}],"sequences":[{"canvases":[{"height":4128,"width":4131,"images":[{"resource":{"service":{"profile":"http://iiif.io/api/image/2/level2.json","@context":"http://iiif.io/api/image/2/context.json","@id":"https://sammlung.volkskundemuseum.at/i3f/v20/259071"},"format":"image/jpeg","height":999,"width":1000,"@id":"https://sammlung.volkskundemuseum.at/download/webcache/1000/259071","@type":"dctypes:Image"},"on":"https://sammlung.volkskundemuseum.at/i3f/v20/255825/canvas/259071","motivation":"sc:painting","@id":"https://sammlung.volkskundemuseum.at/i3f/v20/255825/annotation/259071","@type":"oa:Annotation"}],"label":"[1]","@id":"https://sammlung.volkskundemuseum.at/i3f/v20/255825/canvas/259071","@type":"sc:Canvas"},{"height":2064,"width":2093,"images":[{"resource":{"service":{"profile":"http://iiif.io/api/image/2/level2.json","@context":"http://iiif.io/api/image/2/context.json","@id":"https://sammlung.volkskundemuseum.at/i3f/v20/259072"},"format":"image/jpeg","height":986,"width":1000,"@id":"https://sammlung.volkskundemuseum.at/download/webcache/1000/259072","@type":"dctypes:Image"},"on":"https://sammlung.volkskundemuseum.at/i3f/v20/255825/canvas/259072","motivation":"sc:painting","@id":"https://sammlung.volkskundemuseum.at/i3f/v20/255825/annotation/259072","@type":"oa:Annotation"}],"label":"[2]","@id":"https://sammlung.volkskundemuseum.at/i3f/v20/255825/canvas/259072","@type":"sc:Canvas"}],"viewingHint":"paged","startCanvas":"https://sammlung.volkskundemuseum.at/i3f/v20/255825/canvas/259071","viewingDirection":"left-to-right","label":"Current Page Order","@context":"http://iiif.io/api/presentation/2/context.json","@id":"https://sammlung.volkskundemuseum.at/i3f/v20/255825/sequence/normal","@type":"sc:Sequence"}],"label":"dia/992: Diapositiv: 100-j\u00e4hrige Frau am Arikogel, Ober\u00f6sterreich","thumbnail":{"width":304,"height":303,"@id":"https://sammlung.volkskundemuseum.at/i3f/v21/259071/full/304/0/default.jpg","@type":"dctypes:Image","format":"image/jpeg"},"logo":{"@id":"https://sammlung.volkskundemuseum.at/domainresource/static/graphics/connectors/viewerLogo.gif","service":{"profile":"http://iiif.io/api/image/2/level2.json","@context":"http://iiif.io/api/image/2/context.json","@id":""}},"@context":"http://iiif.io/api/presentation/2/context.json","seeAlso":{"format":"application/xml","@id":"https://sammlung.volkskundemuseum.at/oai?verb=GetRecord&metadataPrefix=mets&identifier=255825","label":"METS"},"@id":"https://sammlung.volkskundemuseum.at/i3f/v20/255825/manifest","@type":"sc:Manifest","metadata":[{"value":"Glasdiapositiv gerahmt, mit schwarzen Papierstreifen umklebt, Reproduktion eines Positivs. Abgebildet ist eine greisenhafte Frau (100-j\u00e4hrig) mit Kopftuch auf einen Stock gest\u00fctzt vor einer Holzwand. Neben ihr befinden sich ein Zaun sowie ein Baum. Hinter dem Baum blickt eine auf dem Zaun sitzende Frau zur \u00e4lteren Frau her\u00fcber und l\u00e4chelt sie an. Unterhalb sitzt eine weitere Person. Im Hintergrund ist ein Berg zu sehen.","label":"Beschreibung"},{"value":"Mautner, Konrad","label":"Fotograf:in"},{"value":"\u00d6sterreichisches Volksbildungsamt","label":"Herausgeber:in"},{"value":"Wien (Aufnahmeort)   ; vor 1928 (Aufnahmedatum)","label":"Entstehung"},{"value":"Glas, Fotografie ; Papierstreifen","label":"Material"},{"value":"Diapositivverfahren schwarz-wei\u00df","label":"Technik"},{"value":"quadratisch","label":"Format"},{"value":"H: 8,2 cm B: 8,2 cm","label":"Abmessungen"},{"value":"Objekt","label":"Objekttyp"},{"value":"Glasdiapositiv, schwarz-wei\u00df","label":"Objektart"},{"value":"dia/992","label":"Inventarnummer"},{"value":"[dia/989] - Diapositiv: 80-j\u00e4hrige Ahnl und Frau mit Kind vor Hof, G\u00f6\u00dfl, Steiermark[dia/983/001] - Diapositiv: \u00e4ltere Frau tr\u00e4gt Essen aufs Feld, G\u00f6\u00dfl, Steiermark[dia/983/002] - Diapositiv: \u00e4ltere Frau tr\u00e4gt Essen aufs Feld","label":"\u00c4hnliche Objekte"},{"value":"recto: Die 100j\u00e4hrige \"alte Steyrin in Arikogl // FIf14 // Leihgabe K. MAUTNER\rverso: Eigentum des \u00d6sterr. Volksbildungsamtes. /// 992 / B. / 30 / Inv.-Nr. / 18170 / B. / 20","label":"Inschrift / Aufschrift"},{"value":"Dauerleihgabe","label":"Erwerbungsart"}]}