{"viewingHint":"paged","service":[],"structures":[{"ranges":["https://sammlung.volkskundemuseum.at/i3f/v20/255817/range/257467","https://sammlung.volkskundemuseum.at/i3f/v20/255817/range/257468"],"viewingHint":"top","@id":"https://sammlung.volkskundemuseum.at/i3f/v20/255817/range/255817","@type":"sc:Range","label":"Table of Contents"},{"canvases":["https://sammlung.volkskundemuseum.at/i3f/v20/255817/canvas/259055"],"@id":"https://sammlung.volkskundemuseum.at/i3f/v20/255817/range/257467","@type":"sc:Range","label":"dig/37321: Volkskundemuseum Wien"},{"canvases":["https://sammlung.volkskundemuseum.at/i3f/v20/255817/canvas/259056"],"@id":"https://sammlung.volkskundemuseum.at/i3f/v20/255817/range/257468","@type":"sc:Range","label":"dig/37322: Volkskundemuseum Wien"}],"sequences":[{"canvases":[{"height":4242,"width":4286,"images":[{"resource":{"service":{"profile":"http://iiif.io/api/image/2/level2.json","@context":"http://iiif.io/api/image/2/context.json","@id":"https://sammlung.volkskundemuseum.at/i3f/v20/259055"},"format":"image/jpeg","height":989,"width":1000,"@id":"https://sammlung.volkskundemuseum.at/download/webcache/1000/259055","@type":"dctypes:Image"},"on":"https://sammlung.volkskundemuseum.at/i3f/v20/255817/canvas/259055","motivation":"sc:painting","@id":"https://sammlung.volkskundemuseum.at/i3f/v20/255817/annotation/259055","@type":"oa:Annotation"}],"label":"[1]","@id":"https://sammlung.volkskundemuseum.at/i3f/v20/255817/canvas/259055","@type":"sc:Canvas"},{"height":2114,"width":2144,"images":[{"resource":{"service":{"profile":"http://iiif.io/api/image/2/level2.json","@context":"http://iiif.io/api/image/2/context.json","@id":"https://sammlung.volkskundemuseum.at/i3f/v20/259056"},"format":"image/jpeg","height":986,"width":1000,"@id":"https://sammlung.volkskundemuseum.at/download/webcache/1000/259056","@type":"dctypes:Image"},"on":"https://sammlung.volkskundemuseum.at/i3f/v20/255817/canvas/259056","motivation":"sc:painting","@id":"https://sammlung.volkskundemuseum.at/i3f/v20/255817/annotation/259056","@type":"oa:Annotation"}],"label":"[2]","@id":"https://sammlung.volkskundemuseum.at/i3f/v20/255817/canvas/259056","@type":"sc:Canvas"}],"viewingHint":"paged","startCanvas":"https://sammlung.volkskundemuseum.at/i3f/v20/255817/canvas/259055","viewingDirection":"left-to-right","label":"Current Page Order","@context":"http://iiif.io/api/presentation/2/context.json","@id":"https://sammlung.volkskundemuseum.at/i3f/v20/255817/sequence/normal","@type":"sc:Sequence"}],"label":"dia/984: Diapositiv: L\u00f6ffelrem mit Almdarstellung","thumbnail":{"width":304,"height":300,"@id":"https://sammlung.volkskundemuseum.at/i3f/v21/259055/full/304/0/default.jpg","@type":"dctypes:Image","format":"image/jpeg"},"logo":{"@id":"https://sammlung.volkskundemuseum.at/domainresource/static/graphics/connectors/viewerLogo.gif","service":{"profile":"http://iiif.io/api/image/2/level2.json","@context":"http://iiif.io/api/image/2/context.json","@id":""}},"@context":"http://iiif.io/api/presentation/2/context.json","seeAlso":{"format":"application/xml","@id":"https://sammlung.volkskundemuseum.at/oai?verb=GetRecord&metadataPrefix=mets&identifier=255817","label":"METS"},"@id":"https://sammlung.volkskundemuseum.at/i3f/v20/255817/manifest","@type":"sc:Manifest","metadata":[{"value":"Glasdiapositiv gerahmt, mit schwarzen Papierstreifen umklebt, Reproduktion eines Positivs. Abgebildet ist ein L\u00f6ffelrem mit vier L\u00f6ffeln. Am unteren Vorderbrett ist eine Darstellung eines Paares in Tracht, eines kleinen Hauses und eines Baumes. Darunter h\u00e4ngen Holzquasten. In der Mitte des L\u00f6ffelrems befinden sich die L\u00f6ffel. Dar\u00fcber sind geschnitzte Tiere dargestellt, den Abschluss bildet eine Bekr\u00f6nung mit Voluten und einem Herz.","label":"Beschreibung"},{"value":"Mautner, Konrad","label":"Fotograf:in"},{"value":"Staatliche Lichtbildstelle, Wien","label":"Herausgeber:in"},{"value":"Wien (Aufnahmeort)   ; vor 1928 (Aufnahmedatum)","label":"Entstehung"},{"value":"Glas, Fotografie ; Papierstreifen","label":"Material"},{"value":"Diapositivverfahren schwarz-wei\u00df","label":"Technik"},{"value":"quadratisch","label":"Format"},{"value":"H: 8,5 cm B: 8,5 cm","label":"Abmessungen"},{"value":"Objekt","label":"Objekttyp"},{"value":"Glasdiapositiv, schwarz-wei\u00df","label":"Objektart"},{"value":"dia/984","label":"Inventarnummer"},{"value":"Handwerk","label":"Assoziation"},{"value":"[dia/978] - Diapositiv: geschnitzter L\u00f6ffelrem[dia/415] - Diapositiv: L\u00f6ffel und L\u00f6ffelrechen aus den Alpen- und Sudetenl\u00e4ndern[dia/409] - Diapositiv: Holzl\u00f6ffel, rum\u00e4nisch","label":"\u00c4hnliche Objekte"},{"value":"recto: Staatl. Lichtbildstelle, Wien, I., Wallnerstr. 4/II. /// 42. L\u00f6ffelrem, Almdarstellung mit [...]h\u00fctte. kein also Galer in Radberg. // 984/II. M. f. V. \rverso: KII14","label":"Inschrift / Aufschrift"},{"value":"unbekannt","label":"Erwerbungsart"}]}