{"viewingHint":"paged","service":[],"structures":[{"ranges":["https://sammlung.volkskundemuseum.at/i3f/v20/255786/range/257405","https://sammlung.volkskundemuseum.at/i3f/v20/255786/range/257406"],"viewingHint":"top","@id":"https://sammlung.volkskundemuseum.at/i3f/v20/255786/range/255786","@type":"sc:Range","label":"Table of Contents"},{"canvases":["https://sammlung.volkskundemuseum.at/i3f/v20/255786/canvas/258992"],"@id":"https://sammlung.volkskundemuseum.at/i3f/v20/255786/range/257405","@type":"sc:Range","label":"dig/37259: Volkskundemuseum Wien"},{"canvases":["https://sammlung.volkskundemuseum.at/i3f/v20/255786/canvas/258993"],"@id":"https://sammlung.volkskundemuseum.at/i3f/v20/255786/range/257406","@type":"sc:Range","label":"dig/37260: Volkskundemuseum Wien"}],"sequences":[{"canvases":[{"height":4923,"width":4289,"images":[{"resource":{"service":{"profile":"http://iiif.io/api/image/2/level2.json","@context":"http://iiif.io/api/image/2/context.json","@id":"https://sammlung.volkskundemuseum.at/i3f/v20/258992"},"format":"image/jpeg","height":1147,"width":1000,"@id":"https://sammlung.volkskundemuseum.at/download/webcache/1000/258992","@type":"dctypes:Image"},"on":"https://sammlung.volkskundemuseum.at/i3f/v20/255786/canvas/258992","motivation":"sc:painting","@id":"https://sammlung.volkskundemuseum.at/i3f/v20/255786/annotation/258992","@type":"oa:Annotation"}],"label":"[1]","@id":"https://sammlung.volkskundemuseum.at/i3f/v20/255786/canvas/258992","@type":"sc:Canvas"},{"height":2478,"width":2147,"images":[{"resource":{"service":{"profile":"http://iiif.io/api/image/2/level2.json","@context":"http://iiif.io/api/image/2/context.json","@id":"https://sammlung.volkskundemuseum.at/i3f/v20/258993"},"format":"image/jpeg","height":1154,"width":1000,"@id":"https://sammlung.volkskundemuseum.at/download/webcache/1000/258993","@type":"dctypes:Image"},"on":"https://sammlung.volkskundemuseum.at/i3f/v20/255786/canvas/258993","motivation":"sc:painting","@id":"https://sammlung.volkskundemuseum.at/i3f/v20/255786/annotation/258993","@type":"oa:Annotation"}],"label":"[2]","@id":"https://sammlung.volkskundemuseum.at/i3f/v20/255786/canvas/258993","@type":"sc:Canvas"}],"viewingHint":"paged","startCanvas":"https://sammlung.volkskundemuseum.at/i3f/v20/255786/canvas/258992","viewingDirection":"left-to-right","label":"Current Page Order","@context":"http://iiif.io/api/presentation/2/context.json","@id":"https://sammlung.volkskundemuseum.at/i3f/v20/255786/sequence/normal","@type":"sc:Sequence"}],"label":"dia/956/001: Diapositiv: Paar in Tracht aus der Judenburger Gegend, Trachtenfestzug 1926, Wien","thumbnail":{"width":304,"height":348,"@id":"https://sammlung.volkskundemuseum.at/i3f/v21/258992/full/304/0/default.jpg","@type":"dctypes:Image","format":"image/jpeg"},"logo":{"@id":"https://sammlung.volkskundemuseum.at/domainresource/static/graphics/connectors/viewerLogo.gif","service":{"profile":"http://iiif.io/api/image/2/level2.json","@context":"http://iiif.io/api/image/2/context.json","@id":""}},"@context":"http://iiif.io/api/presentation/2/context.json","seeAlso":{"format":"application/xml","@id":"https://sammlung.volkskundemuseum.at/oai?verb=GetRecord&metadataPrefix=mets&identifier=255786","label":"METS"},"@id":"https://sammlung.volkskundemuseum.at/i3f/v20/255786/manifest","@type":"sc:Manifest","metadata":[{"value":"Glasdiapositiv gerahmt, mit schwarzen Papierstreifen umklebt, Reproduktion eines Positivs. Abgebildet ist ein Paar in Tracht aus der Judenburger Gegend, Steiermark. Beide tragen H\u00fcte mit breiter Krempe. Der Mann h\u00e4lt einen Schirm in der Hand, die Frau ein Tuch. Im Hintergrund sind ein weiterer Mann und eine sitzende Person zu erkennen.","label":"Beschreibung"},{"value":"Mitarbeiter:in des Museums","label":"Fotograf:in"},{"value":"Wien (Aufnahmeort)   ; vor 1928 (Aufnahmedatum)","label":"Entstehung"},{"value":"Glas, Fotografie ; Papierstreifen","label":"Material"},{"value":"Diapositivverfahren schwarz-wei\u00df","label":"Technik"},{"value":"Hochformat","label":"Format"},{"value":"H: 9,9 cm B: 8,3 cm","label":"Abmessungen"},{"value":"Objekt","label":"Objekttyp"},{"value":"Glasdiapositiv, schwarz-wei\u00df","label":"Objektart"},{"value":"dia/956/001","label":"Inventarnummer"},{"value":"Tracht, Steiermark","label":"Assoziation"},{"value":"Trachtenfestzug 12.09.1926 in Wien","label":"Abgebildetes Ereignis"},{"value":"[dia/999] - Diapositiv: Paar in Ausseer Tracht in G\u00f6\u00dfl, Steiermark[dia/965/002] - Diapositiv: Paar in Innviertler Tracht, Trachtenfestzug 1926, Wien[dia/962] - Diapositiv: Paar in Wachauer Tracht, Trachtenfestzug 1926, Wien[dia/961] - Diapositiv: Paar in nieder\u00f6sterreichischer Tracht, Trachtenfestzug 1926, Wien[dia/957/001] - Diapositiv: Mariazeller Wallfahrer, Obersteiermark[dia/956/002] - Diapositiv: Paar in Tracht aus der Judenburger Gegend, Trachtenfestzug 1926, Wien[dia/946/001] - Diapositiv: Paar in Sarntaler Tracht, Trachtenfestzug 1926, Wien[dia/948/001] - Diapositiv: Mann und junge Frau in Zillertaler Tracht, Trachtenfestzug 1926, Wien[dia/949] - Diapositiv: zwei M\u00e4nner und eine Frau in \u00d6tztaler Trachten, Trachtenfestzug 1926, Wien[dia/951] - Diapositiv: Paar in Alpacher Tracht, Tirol","label":"\u00c4hnliche Objekte"},{"value":"recto: Judenburg 956/II. // FIf7\rverso: B. Inv.-Nr. B // Eigentum des Museums f\u00fcr Volkskunde.","label":"Inschrift / Aufschrift"},{"value":"Museumsaufnahme, selbst erstellt","label":"Erwerbungsart"}]}