{"viewingHint":"paged","service":[],"structures":[{"ranges":["https://sammlung.volkskundemuseum.at/i3f/v20/255776/range/257384","https://sammlung.volkskundemuseum.at/i3f/v20/255776/range/257385"],"viewingHint":"top","@id":"https://sammlung.volkskundemuseum.at/i3f/v20/255776/range/255776","@type":"sc:Range","label":"Table of Contents"},{"canvases":["https://sammlung.volkskundemuseum.at/i3f/v20/255776/canvas/258972"],"@id":"https://sammlung.volkskundemuseum.at/i3f/v20/255776/range/257384","@type":"sc:Range","label":"dig/37239: Volkskundemuseum Wien"},{"canvases":["https://sammlung.volkskundemuseum.at/i3f/v20/255776/canvas/258973"],"@id":"https://sammlung.volkskundemuseum.at/i3f/v20/255776/range/257385","@type":"sc:Range","label":"dig/37240: Volkskundemuseum Wien"}],"sequences":[{"canvases":[{"height":4264,"width":4970,"images":[{"resource":{"service":{"profile":"http://iiif.io/api/image/2/level2.json","@context":"http://iiif.io/api/image/2/context.json","@id":"https://sammlung.volkskundemuseum.at/i3f/v20/258972"},"format":"image/jpeg","height":857,"width":1000,"@id":"https://sammlung.volkskundemuseum.at/download/webcache/1000/258972","@type":"dctypes:Image"},"on":"https://sammlung.volkskundemuseum.at/i3f/v20/255776/canvas/258972","motivation":"sc:painting","@id":"https://sammlung.volkskundemuseum.at/i3f/v20/255776/annotation/258972","@type":"oa:Annotation"}],"label":"[1]","@id":"https://sammlung.volkskundemuseum.at/i3f/v20/255776/canvas/258972","@type":"sc:Canvas"},{"height":2138,"width":2523,"images":[{"resource":{"service":{"profile":"http://iiif.io/api/image/2/level2.json","@context":"http://iiif.io/api/image/2/context.json","@id":"https://sammlung.volkskundemuseum.at/i3f/v20/258973"},"format":"image/jpeg","height":847,"width":1000,"@id":"https://sammlung.volkskundemuseum.at/download/webcache/1000/258973","@type":"dctypes:Image"},"on":"https://sammlung.volkskundemuseum.at/i3f/v20/255776/canvas/258973","motivation":"sc:painting","@id":"https://sammlung.volkskundemuseum.at/i3f/v20/255776/annotation/258973","@type":"oa:Annotation"}],"label":"[2]","@id":"https://sammlung.volkskundemuseum.at/i3f/v20/255776/canvas/258973","@type":"sc:Canvas"}],"viewingHint":"paged","startCanvas":"https://sammlung.volkskundemuseum.at/i3f/v20/255776/canvas/258972","viewingDirection":"left-to-right","label":"Current Page Order","@context":"http://iiif.io/api/presentation/2/context.json","@id":"https://sammlung.volkskundemuseum.at/i3f/v20/255776/sequence/normal","@type":"sc:Sequence"}],"label":"dia/947: Diapositiv: Frauen in alter Walser-und W\u00e4ldlertracht, Trachtenfestzug, Vorarlberg,","thumbnail":{"width":304,"height":260,"@id":"https://sammlung.volkskundemuseum.at/i3f/v21/258972/full/304/0/default.jpg","@type":"dctypes:Image","format":"image/jpeg"},"logo":{"@id":"https://sammlung.volkskundemuseum.at/domainresource/static/graphics/connectors/viewerLogo.gif","service":{"profile":"http://iiif.io/api/image/2/level2.json","@context":"http://iiif.io/api/image/2/context.json","@id":""}},"@context":"http://iiif.io/api/presentation/2/context.json","seeAlso":{"format":"application/xml","@id":"https://sammlung.volkskundemuseum.at/oai?verb=GetRecord&metadataPrefix=mets&identifier=255776","label":"METS"},"@id":"https://sammlung.volkskundemuseum.at/i3f/v20/255776/manifest","@type":"sc:Manifest","metadata":[{"value":"Glasdiapositiv gerahmt, mit schwarzen Papierstreifen umklebt, Reproduktion eines Positivs. Abgebildet sind zwei junge Frauen in alter Walser- und W\u00e4ldlertracht. Die Frau im dunklen Kleid tr\u00e4gt einen kronenf\u00f6rmigen Kopfschmuck. Die Frau im hellen Kleid tr\u00e4gt eine helle haubenf\u00f6rmige Kopfbedeckung. Beide blicken in die Kamera.","label":"Beschreibung"},{"value":"unbekannt","label":"Fotograf:in"},{"value":"\u00d6sterreichische Volksbildungsstelle im Bundesministerium f\u00fcr Unterricht","label":"Herausgeber:in"},{"value":"Wien (Aufnahmeort)   ; vor 1928 (Aufnahmedatum)","label":"Entstehung"},{"value":"Glas, Fotografie ; Papierstreifen","label":"Material"},{"value":"Diapositivverfahren schwarz-wei\u00df","label":"Technik"},{"value":"Querformat","label":"Format"},{"value":"H: 8,4 cm B: 9,9 cm","label":"Abmessungen"},{"value":"Objekt","label":"Objekttyp"},{"value":"Glasdiapositiv, schwarz-wei\u00df","label":"Objektart"},{"value":"dia/947","label":"Inventarnummer"},{"value":"Tracht   / Brauch   / Fest","label":"Assoziation"},{"value":"[dia/959] - Diapositiv: Frauen in Wipptaler Tracht, Trachtenfestzug 1926, Wien[dia/949] - Diapositiv: zwei M\u00e4nner und eine Frau in \u00d6tztaler Trachten, Trachtenfestzug 1926, Wien[dia/948/002] - Diapositiv: Mann und junge Frau in Zillertaler Tracht, Trachtenfestzug 1926, Wien[dia/948/001] - Diapositiv: Mann und junge Frau in Zillertaler Tracht, Trachtenfestzug 1926, Wien[dia/946/001] - Diapositiv: Paar in Sarntaler Tracht, Trachtenfestzug 1926, Wien","label":"\u00c4hnliche Objekte"},{"value":"recto: 947. \u00c4ltere Walser- und W\u00e4ldlertracht, Vorarlberg. // St\u00e4ndige Leihgabe\rverso: Eigentum des Bund.-Min. f. Unterr. /// FIi4 // B. Inv.-Nr. B","label":"Inschrift / Aufschrift"},{"value":"Dauerleihgabe","label":"Erwerbungsart"}]}