{"viewingHint":"paged","service":[],"structures":[{"ranges":["https://sammlung.volkskundemuseum.at/i3f/v20/255774/range/257380","https://sammlung.volkskundemuseum.at/i3f/v20/255774/range/257381"],"viewingHint":"top","@id":"https://sammlung.volkskundemuseum.at/i3f/v20/255774/range/255774","@type":"sc:Range","label":"Table of Contents"},{"canvases":["https://sammlung.volkskundemuseum.at/i3f/v20/255774/canvas/258968"],"@id":"https://sammlung.volkskundemuseum.at/i3f/v20/255774/range/257380","@type":"sc:Range","label":"dig/37235: Volkskundemuseum Wien"},{"canvases":["https://sammlung.volkskundemuseum.at/i3f/v20/255774/canvas/258969"],"@id":"https://sammlung.volkskundemuseum.at/i3f/v20/255774/range/257381","@type":"sc:Range","label":"dig/37236: Volkskundemuseum Wien"}],"sequences":[{"canvases":[{"height":4959,"width":4246,"images":[{"resource":{"service":{"profile":"http://iiif.io/api/image/2/level2.json","@context":"http://iiif.io/api/image/2/context.json","@id":"https://sammlung.volkskundemuseum.at/i3f/v20/258968"},"format":"image/jpeg","height":1167,"width":1000,"@id":"https://sammlung.volkskundemuseum.at/download/webcache/1000/258968","@type":"dctypes:Image"},"on":"https://sammlung.volkskundemuseum.at/i3f/v20/255774/canvas/258968","motivation":"sc:painting","@id":"https://sammlung.volkskundemuseum.at/i3f/v20/255774/annotation/258968","@type":"oa:Annotation"}],"label":"[1]","@id":"https://sammlung.volkskundemuseum.at/i3f/v20/255774/canvas/258968","@type":"sc:Canvas"},{"height":2097,"width":2119,"images":[{"resource":{"service":{"profile":"http://iiif.io/api/image/2/level2.json","@context":"http://iiif.io/api/image/2/context.json","@id":"https://sammlung.volkskundemuseum.at/i3f/v20/258969"},"format":"image/jpeg","height":989,"width":1000,"@id":"https://sammlung.volkskundemuseum.at/download/webcache/1000/258969","@type":"dctypes:Image"},"on":"https://sammlung.volkskundemuseum.at/i3f/v20/255774/canvas/258969","motivation":"sc:painting","@id":"https://sammlung.volkskundemuseum.at/i3f/v20/255774/annotation/258969","@type":"oa:Annotation"}],"label":"[2]","@id":"https://sammlung.volkskundemuseum.at/i3f/v20/255774/canvas/258969","@type":"sc:Canvas"}],"viewingHint":"paged","startCanvas":"https://sammlung.volkskundemuseum.at/i3f/v20/255774/canvas/258968","viewingDirection":"left-to-right","label":"Current Page Order","@context":"http://iiif.io/api/presentation/2/context.json","@id":"https://sammlung.volkskundemuseum.at/i3f/v20/255774/sequence/normal","@type":"sc:Sequence"}],"label":"dia/946/001: Diapositiv: Paar in Sarntaler Tracht, Trachtenfestzug 1926, Wien","thumbnail":{"width":304,"height":355,"@id":"https://sammlung.volkskundemuseum.at/i3f/v21/258968/full/304/0/default.jpg","@type":"dctypes:Image","format":"image/jpeg"},"logo":{"@id":"https://sammlung.volkskundemuseum.at/domainresource/static/graphics/connectors/viewerLogo.gif","service":{"profile":"http://iiif.io/api/image/2/level2.json","@context":"http://iiif.io/api/image/2/context.json","@id":""}},"@context":"http://iiif.io/api/presentation/2/context.json","seeAlso":{"format":"application/xml","@id":"https://sammlung.volkskundemuseum.at/oai?verb=GetRecord&metadataPrefix=mets&identifier=255774","label":"METS"},"@id":"https://sammlung.volkskundemuseum.at/i3f/v20/255774/manifest","@type":"sc:Manifest","metadata":[{"value":"Glasdiapositiv gerahmt, mit schwarzen Papierstreifen umklebt, Reproduktion eines Positivs. Abgebildet ist ein Paar in Sarntaler/S\u00fcdtiroler Tracht w\u00e4hrend eines Trachtenfestzuges. Das Paar h\u00e4lt H\u00e4ndchen und blickt in die Kamera, beide tragen H\u00fcte mit breiter Krempe.","label":"Beschreibung"},{"value":"Mitarbeiter:in des Museums","label":"Fotograf:in"},{"value":"Wien (Aufnahmeort)   ; vor 1928 (Aufnahmedatum)","label":"Entstehung"},{"value":"Glas, Fotografie ; Papierstreifen","label":"Material"},{"value":"Diapositivverfahren schwarz-wei\u00df","label":"Technik"},{"value":"Hochformat","label":"Format"},{"value":"H: 9,9 cm B: 8,4 cm","label":"Abmessungen"},{"value":"Objekt","label":"Objekttyp"},{"value":"Glasdiapositiv, schwarz-wei\u00df","label":"Objektart"},{"value":"dia/946/001","label":"Inventarnummer"},{"value":"Tracht   / Brauch   / Fest","label":"Assoziation"},{"value":"Trachtenfestzug 12.09.1926 in Wien","label":"Abgebildetes Ereignis"},{"value":"[dia/960/001] - Diapositiv: Paar in kroatisch-burgenl\u00e4ndischer Tracht, Trachtenfestzug 1926, Wien[dia/959] - Diapositiv: Frauen in Wipptaler Tracht, Trachtenfestzug 1926, Wien[dia/956/002] - Diapositiv: Paar in Tracht aus der Judenburger Gegend, Trachtenfestzug 1926, Wien[dia/956/001] - Diapositiv: Paar in Tracht aus der Judenburger Gegend, Trachtenfestzug 1926, Wien[dia/949] - Diapositiv: zwei M\u00e4nner und eine Frau in \u00d6tztaler Trachten, Trachtenfestzug 1926, Wien[dia/948/002] - Diapositiv: Mann und junge Frau in Zillertaler Tracht, Trachtenfestzug 1926, Wien[dia/948/001] - Diapositiv: Mann und junge Frau in Zillertaler Tracht, Trachtenfestzug 1926, Wien[dia/947] - Diapositiv: Frauen in alter Walser-und W\u00e4ldlertracht, Trachtenfestzug, Vorarlberg,[dia/946/002] - Diapositiv: Paar in Sarntaler Tracht, Trachtenfestzug 1926, Wien","label":"\u00c4hnliche Objekte"},{"value":"recto: Herausgegeben v. d. Volksbildungsstelle, Wien I., Minoritenpl. 5, 1927 /// rosa Aufkleber / B. / 946. / Inv.-Nr. / Sarntaler Tracht. Tirol / B. // Eigentum des Museums f\u00fcr Volkskunde. \rverso: FIh7","label":"Inschrift / Aufschrift"},{"value":"Museumsaufnahme, selbst erstellt","label":"Erwerbungsart"}]}