{"viewingHint":"paged","service":[],"structures":[{"ranges":["https://sammlung.volkskundemuseum.at/i3f/v20/255725/range/257273","https://sammlung.volkskundemuseum.at/i3f/v20/255725/range/257274"],"viewingHint":"top","@id":"https://sammlung.volkskundemuseum.at/i3f/v20/255725/range/255725","@type":"sc:Range","label":"Table of Contents"},{"canvases":["https://sammlung.volkskundemuseum.at/i3f/v20/255725/canvas/258870"],"@id":"https://sammlung.volkskundemuseum.at/i3f/v20/255725/range/257273","@type":"sc:Range","label":"dig/37137: Volkskundemuseum Wien"},{"canvases":["https://sammlung.volkskundemuseum.at/i3f/v20/255725/canvas/258871"],"@id":"https://sammlung.volkskundemuseum.at/i3f/v20/255725/range/257274","@type":"sc:Range","label":"dig/37138: Volkskundemuseum Wien"}],"sequences":[{"canvases":[{"height":5027,"width":4333,"images":[{"resource":{"service":{"profile":"http://iiif.io/api/image/2/level2.json","@context":"http://iiif.io/api/image/2/context.json","@id":"https://sammlung.volkskundemuseum.at/i3f/v20/258870"},"format":"image/jpeg","height":1160,"width":1000,"@id":"https://sammlung.volkskundemuseum.at/download/webcache/1000/258870","@type":"dctypes:Image"},"on":"https://sammlung.volkskundemuseum.at/i3f/v20/255725/canvas/258870","motivation":"sc:painting","@id":"https://sammlung.volkskundemuseum.at/i3f/v20/255725/annotation/258870","@type":"oa:Annotation"}],"label":"[1]","@id":"https://sammlung.volkskundemuseum.at/i3f/v20/255725/canvas/258870","@type":"sc:Canvas"},{"height":2522,"width":2191,"images":[{"resource":{"service":{"profile":"http://iiif.io/api/image/2/level2.json","@context":"http://iiif.io/api/image/2/context.json","@id":"https://sammlung.volkskundemuseum.at/i3f/v20/258871"},"format":"image/jpeg","height":1151,"width":1000,"@id":"https://sammlung.volkskundemuseum.at/download/webcache/1000/258871","@type":"dctypes:Image"},"on":"https://sammlung.volkskundemuseum.at/i3f/v20/255725/canvas/258871","motivation":"sc:painting","@id":"https://sammlung.volkskundemuseum.at/i3f/v20/255725/annotation/258871","@type":"oa:Annotation"}],"label":"[2]","@id":"https://sammlung.volkskundemuseum.at/i3f/v20/255725/canvas/258871","@type":"sc:Canvas"}],"viewingHint":"paged","startCanvas":"https://sammlung.volkskundemuseum.at/i3f/v20/255725/canvas/258870","viewingDirection":"left-to-right","label":"Current Page Order","@context":"http://iiif.io/api/presentation/2/context.json","@id":"https://sammlung.volkskundemuseum.at/i3f/v20/255725/sequence/normal","@type":"sc:Sequence"}],"label":"dia/899: Diapositiv: gotisierende Christusfigur \"Elendherr'l\", Tirol","thumbnail":{"width":304,"height":352,"@id":"https://sammlung.volkskundemuseum.at/i3f/v21/258870/full/304/0/default.jpg","@type":"dctypes:Image","format":"image/jpeg"},"logo":{"@id":"https://sammlung.volkskundemuseum.at/domainresource/static/graphics/connectors/viewerLogo.gif","service":{"profile":"http://iiif.io/api/image/2/level2.json","@context":"http://iiif.io/api/image/2/context.json","@id":""}},"@context":"http://iiif.io/api/presentation/2/context.json","seeAlso":{"format":"application/xml","@id":"https://sammlung.volkskundemuseum.at/oai?verb=GetRecord&metadataPrefix=mets&identifier=255725","label":"METS"},"@id":"https://sammlung.volkskundemuseum.at/i3f/v20/255725/manifest","@type":"sc:Manifest","metadata":[{"value":"Glasdiapositiv gerahmt, mit schwarzen Papierstreifen umklebt, Reproduktion eines Positivs. Abgebildet ist eine geschnitzte, gekreuzigte Christusfigur mit Dornenkrone.","label":"Beschreibung"},{"value":"Mitarbeiter:in des Museums","label":"Fotograf:in"},{"value":"Wien (Aufnahmeort)   ; vor 1927 (Aufnahmedatum)","label":"Entstehung"},{"value":"Glas, Fotografie ; Papierstreifen","label":"Material"},{"value":"Diapositivverfahren schwarz-wei\u00df","label":"Technik"},{"value":"Querformat","label":"Format"},{"value":"H: 8,5 cm B: 10,0 cm","label":"Abmessungen"},{"value":"Objekt","label":"Objekttyp"},{"value":"Glasdiapositiv, schwarz-wei\u00df","label":"Objektart"},{"value":"dia/899","label":"Inventarnummer"},{"value":"[dia/81] - Diapositiv: Kreuzigungsgruppe aus Gr\u00f6den[dia/427] - Diapositiv: Figur: Christus am Kreuz von Johann Kieninger[dia/720] - Diapositiv: Marterl mit Kruzifix, Bartholom\u00e4berg, Vorarlberg","label":"\u00c4hnliche Objekte"},{"value":"recto: rosa Aufkleber // Elendherr'l M.fV. 899/II. // Eigentum des Museums f\u00fcr Volkskunde.\rverso: LIa10","label":"Inschrift / Aufschrift"},{"value":"Museumsaufnahme, selbst erstellt","label":"Erwerbungsart"}]}