{"viewingHint":"paged","service":[],"structures":[{"ranges":["https://sammlung.volkskundemuseum.at/i3f/v20/255695/range/257214","https://sammlung.volkskundemuseum.at/i3f/v20/255695/range/257215"],"viewingHint":"top","@id":"https://sammlung.volkskundemuseum.at/i3f/v20/255695/range/255695","@type":"sc:Range","label":"Table of Contents"},{"canvases":["https://sammlung.volkskundemuseum.at/i3f/v20/255695/canvas/258812"],"@id":"https://sammlung.volkskundemuseum.at/i3f/v20/255695/range/257214","@type":"sc:Range","label":"dig/37079: Volkskundemuseum Wien"},{"canvases":["https://sammlung.volkskundemuseum.at/i3f/v20/255695/canvas/258813"],"@id":"https://sammlung.volkskundemuseum.at/i3f/v20/255695/range/257215","@type":"sc:Range","label":"dig/37080: Volkskundemuseum Wien"}],"sequences":[{"canvases":[{"height":4211,"width":4245,"images":[{"resource":{"service":{"profile":"http://iiif.io/api/image/2/level2.json","@context":"http://iiif.io/api/image/2/context.json","@id":"https://sammlung.volkskundemuseum.at/i3f/v20/258812"},"format":"image/jpeg","height":991,"width":1000,"@id":"https://sammlung.volkskundemuseum.at/download/webcache/1000/258812","@type":"dctypes:Image"},"on":"https://sammlung.volkskundemuseum.at/i3f/v20/255695/canvas/258812","motivation":"sc:painting","@id":"https://sammlung.volkskundemuseum.at/i3f/v20/255695/annotation/258812","@type":"oa:Annotation"}],"label":"[1]","@id":"https://sammlung.volkskundemuseum.at/i3f/v20/255695/canvas/258812","@type":"sc:Canvas"},{"height":2106,"width":2131,"images":[{"resource":{"service":{"profile":"http://iiif.io/api/image/2/level2.json","@context":"http://iiif.io/api/image/2/context.json","@id":"https://sammlung.volkskundemuseum.at/i3f/v20/258813"},"format":"image/jpeg","height":988,"width":1000,"@id":"https://sammlung.volkskundemuseum.at/download/webcache/1000/258813","@type":"dctypes:Image"},"on":"https://sammlung.volkskundemuseum.at/i3f/v20/255695/canvas/258813","motivation":"sc:painting","@id":"https://sammlung.volkskundemuseum.at/i3f/v20/255695/annotation/258813","@type":"oa:Annotation"}],"label":"[2]","@id":"https://sammlung.volkskundemuseum.at/i3f/v20/255695/canvas/258813","@type":"sc:Canvas"}],"viewingHint":"paged","startCanvas":"https://sammlung.volkskundemuseum.at/i3f/v20/255695/canvas/258812","viewingDirection":"left-to-right","label":"Current Page Order","@context":"http://iiif.io/api/presentation/2/context.json","@id":"https://sammlung.volkskundemuseum.at/i3f/v20/255695/sequence/normal","@type":"sc:Sequence"}],"label":"dia/869: Diapositiv: Kolfuschg und Sellagruppe, S\u00fcdtirol, Italien","thumbnail":{"width":304,"height":301,"@id":"https://sammlung.volkskundemuseum.at/i3f/v21/258812/full/304/0/default.jpg","@type":"dctypes:Image","format":"image/jpeg"},"logo":{"@id":"https://sammlung.volkskundemuseum.at/domainresource/static/graphics/connectors/viewerLogo.gif","service":{"profile":"http://iiif.io/api/image/2/level2.json","@context":"http://iiif.io/api/image/2/context.json","@id":""}},"@context":"http://iiif.io/api/presentation/2/context.json","seeAlso":{"format":"application/xml","@id":"https://sammlung.volkskundemuseum.at/oai?verb=GetRecord&metadataPrefix=mets&identifier=255695","label":"METS"},"@id":"https://sammlung.volkskundemuseum.at/i3f/v20/255695/manifest","@type":"sc:Manifest","metadata":[{"value":"Glasdiapositiv gerahmt, mit schwarzen Papierstreifen umklebt, Reproduktion eines Positivs. Abgebildet sind der Ort Kolfuschg und die Berge der Sellagruppe in S\u00fcdtirol. Rechts am Bildrand ist eine Kirche zu sehen. Im Hintergrund befindet sich das massive Gebirge.","label":"Beschreibung"},{"value":"Mitarbeiter:in des Museums","label":"Fotograf:in"},{"value":"Wien (Aufnahmeort)   ; vor 1926 (Aufnahmedatum)","label":"Entstehung"},{"value":"Glas, Fotografie ; Papierstreifen","label":"Material"},{"value":"Diapositivverfahren schwarz-wei\u00df","label":"Technik"},{"value":"quadratisch","label":"Format"},{"value":"H: 8,3 cm B: 8,3 cm","label":"Abmessungen"},{"value":"Objekt","label":"Objekttyp"},{"value":"Glasdiapositiv, schwarz-wei\u00df","label":"Objektart"},{"value":"dia/869","label":"Inventarnummer"},{"value":"[dia/870] - Diapositiv: St. Maria in Wolkenstein, S\u00fcdtirol, Italien[dia/868] - Diapositiv: St. Ulrich im Gr\u00f6dental, S\u00fcdtirol, Italien[dia/290] - Diapositiv: geteiltes Haus mit Stadel, Wolkenstein in Gr\u00f6den, S\u00fcdtirol, Italien[dia/289] - Diapositiv: Gr\u00f6dner Stadel in St. Ulrich, S\u00fcdtirol, Italien","label":"\u00c4hnliche Objekte"},{"value":"recto: roter Aufkleber // Kollfuschg u. die Sellagr / 869. \rverso: Eigentum des Museums f\u00fcr Volkskunde. // DI2","label":"Inschrift / Aufschrift"},{"value":"Museumsaufnahme, selbst erstellt","label":"Erwerbungsart"}]}