{"viewingHint":"paged","service":[],"structures":[{"ranges":["https://sammlung.volkskundemuseum.at/i3f/v20/255687/range/257196","https://sammlung.volkskundemuseum.at/i3f/v20/255687/range/257197"],"viewingHint":"top","@id":"https://sammlung.volkskundemuseum.at/i3f/v20/255687/range/255687","@type":"sc:Range","label":"Table of Contents"},{"canvases":["https://sammlung.volkskundemuseum.at/i3f/v20/255687/canvas/258796"],"@id":"https://sammlung.volkskundemuseum.at/i3f/v20/255687/range/257196","@type":"sc:Range","label":"dig/37063: Volkskundemuseum Wien"},{"canvases":["https://sammlung.volkskundemuseum.at/i3f/v20/255687/canvas/258797"],"@id":"https://sammlung.volkskundemuseum.at/i3f/v20/255687/range/257197","@type":"sc:Range","label":"dig/37064: Volkskundemuseum Wien"}],"sequences":[{"canvases":[{"height":4281,"width":4346,"images":[{"resource":{"service":{"profile":"http://iiif.io/api/image/2/level2.json","@context":"http://iiif.io/api/image/2/context.json","@id":"https://sammlung.volkskundemuseum.at/i3f/v20/258796"},"format":"image/jpeg","height":985,"width":1000,"@id":"https://sammlung.volkskundemuseum.at/download/webcache/1000/258796","@type":"dctypes:Image"},"on":"https://sammlung.volkskundemuseum.at/i3f/v20/255687/canvas/258796","motivation":"sc:painting","@id":"https://sammlung.volkskundemuseum.at/i3f/v20/255687/annotation/258796","@type":"oa:Annotation"}],"label":"[1]","@id":"https://sammlung.volkskundemuseum.at/i3f/v20/255687/canvas/258796","@type":"sc:Canvas"},{"height":2141,"width":2203,"images":[{"resource":{"service":{"profile":"http://iiif.io/api/image/2/level2.json","@context":"http://iiif.io/api/image/2/context.json","@id":"https://sammlung.volkskundemuseum.at/i3f/v20/258797"},"format":"image/jpeg","height":971,"width":1000,"@id":"https://sammlung.volkskundemuseum.at/download/webcache/1000/258797","@type":"dctypes:Image"},"on":"https://sammlung.volkskundemuseum.at/i3f/v20/255687/canvas/258797","motivation":"sc:painting","@id":"https://sammlung.volkskundemuseum.at/i3f/v20/255687/annotation/258797","@type":"oa:Annotation"}],"label":"[2]","@id":"https://sammlung.volkskundemuseum.at/i3f/v20/255687/canvas/258797","@type":"sc:Canvas"}],"viewingHint":"paged","startCanvas":"https://sammlung.volkskundemuseum.at/i3f/v20/255687/canvas/258796","viewingDirection":"left-to-right","label":"Current Page Order","@context":"http://iiif.io/api/presentation/2/context.json","@id":"https://sammlung.volkskundemuseum.at/i3f/v20/255687/sequence/normal","@type":"sc:Sequence"}],"label":"dia/861: Diapositiv: Zeichnung eines Pfahlbauhauses (Garaixe de Marquina Echevarria Vizcayo)","thumbnail":{"width":304,"height":299,"@id":"https://sammlung.volkskundemuseum.at/i3f/v21/258796/full/304/0/default.jpg","@type":"dctypes:Image","format":"image/jpeg"},"logo":{"@id":"https://sammlung.volkskundemuseum.at/domainresource/static/graphics/connectors/viewerLogo.gif","service":{"profile":"http://iiif.io/api/image/2/level2.json","@context":"http://iiif.io/api/image/2/context.json","@id":""}},"@context":"http://iiif.io/api/presentation/2/context.json","seeAlso":{"format":"application/xml","@id":"https://sammlung.volkskundemuseum.at/oai?verb=GetRecord&metadataPrefix=mets&identifier=255687","label":"METS"},"@id":"https://sammlung.volkskundemuseum.at/i3f/v20/255687/manifest","@type":"sc:Manifest","metadata":[{"value":"Glasdiapositiv gerahmt, mit schwarzen Papierstreifen umklebt, Reproduktion einer Abbildung. Abgebildet ist ein gezeichnetes Pfahlbauhaus. Das kleine Haus steht auf vier Pf\u00e4hlen. Im Vordergrund ist eine Treppe, diese reicht nicht bis zum Haus nach oben. Im Hintergrund sind B\u00e4ume angedeutet. Rechts unten ist mit \"E. F.\" signiert.","label":"Beschreibung"},{"value":"Mitarbeiter:in des Museums","label":"Fotograf:in"},{"value":"Wien (Aufnahmeort)   ; vor 1926 (Aufnahmedatum)","label":"Entstehung"},{"value":"Glas, Fotografie ; Papierstreifen","label":"Material"},{"value":"Diapositivverfahren schwarz-wei\u00df","label":"Technik"},{"value":"quadratisch","label":"Format"},{"value":"H: 8,5 cm B: 8,6 cm","label":"Abmessungen"},{"value":"Objekt","label":"Objekttyp"},{"value":"Glasdiapositiv, schwarz-wei\u00df","label":"Objektart"},{"value":"dia/861","label":"Inventarnummer"},{"value":"[dia/780] - Diapositiv: Kornkasten aus dem Lungau, Salzburg[dia/776] - Diapositiv: Flurk\u00fcche eines Bauernhauses, Salzburg","label":"\u00c4hnliche Objekte"},{"value":"recto: E. F. /// MUSEUM F\u00dcR VOLKSKUNDE, WIEN // 861. Garaixe de Marquina Echevarria Vizcayo. M.f.V.  \rverso: QQI2","label":"Inschrift / Aufschrift"},{"value":"Museumsaufnahme, selbst erstellt","label":"Erwerbungsart"}]}