{"viewingHint":"paged","service":[],"structures":[{"ranges":["https://sammlung.volkskundemuseum.at/i3f/v20/255609/range/257033","https://sammlung.volkskundemuseum.at/i3f/v20/255609/range/257034"],"viewingHint":"top","@id":"https://sammlung.volkskundemuseum.at/i3f/v20/255609/range/255609","@type":"sc:Range","label":"Table of Contents"},{"canvases":["https://sammlung.volkskundemuseum.at/i3f/v20/255609/canvas/258640"],"@id":"https://sammlung.volkskundemuseum.at/i3f/v20/255609/range/257033","@type":"sc:Range","label":"dig/36907: Volkskundemuseum Wien"},{"canvases":["https://sammlung.volkskundemuseum.at/i3f/v20/255609/canvas/258641"],"@id":"https://sammlung.volkskundemuseum.at/i3f/v20/255609/range/257034","@type":"sc:Range","label":"dig/36908: Volkskundemuseum Wien"}],"sequences":[{"canvases":[{"height":4290,"width":4362,"images":[{"resource":{"service":{"profile":"http://iiif.io/api/image/2/level2.json","@context":"http://iiif.io/api/image/2/context.json","@id":"https://sammlung.volkskundemuseum.at/i3f/v20/258640"},"format":"image/jpeg","height":983,"width":1000,"@id":"https://sammlung.volkskundemuseum.at/download/webcache/1000/258640","@type":"dctypes:Image"},"on":"https://sammlung.volkskundemuseum.at/i3f/v20/255609/canvas/258640","motivation":"sc:painting","@id":"https://sammlung.volkskundemuseum.at/i3f/v20/255609/annotation/258640","@type":"oa:Annotation"}],"label":"[1]","@id":"https://sammlung.volkskundemuseum.at/i3f/v20/255609/canvas/258640","@type":"sc:Canvas"},{"height":2145,"width":2201,"images":[{"resource":{"service":{"profile":"http://iiif.io/api/image/2/level2.json","@context":"http://iiif.io/api/image/2/context.json","@id":"https://sammlung.volkskundemuseum.at/i3f/v20/258641"},"format":"image/jpeg","height":974,"width":1000,"@id":"https://sammlung.volkskundemuseum.at/download/webcache/1000/258641","@type":"dctypes:Image"},"on":"https://sammlung.volkskundemuseum.at/i3f/v20/255609/canvas/258641","motivation":"sc:painting","@id":"https://sammlung.volkskundemuseum.at/i3f/v20/255609/annotation/258641","@type":"oa:Annotation"}],"label":"[2]","@id":"https://sammlung.volkskundemuseum.at/i3f/v20/255609/canvas/258641","@type":"sc:Canvas"}],"viewingHint":"paged","startCanvas":"https://sammlung.volkskundemuseum.at/i3f/v20/255609/canvas/258640","viewingDirection":"left-to-right","label":"Current Page Order","@context":"http://iiif.io/api/presentation/2/context.json","@id":"https://sammlung.volkskundemuseum.at/i3f/v20/255609/sequence/normal","@type":"sc:Sequence"}],"label":"dia/783: Diapositiv: Deckenkreuz in der Inschriftenkammer zu Klein Weikersdorf, Nieder\u00f6sterreich","thumbnail":{"width":304,"height":298,"@id":"https://sammlung.volkskundemuseum.at/i3f/v21/258640/full/304/0/default.jpg","@type":"dctypes:Image","format":"image/jpeg"},"logo":{"@id":"https://sammlung.volkskundemuseum.at/domainresource/static/graphics/connectors/viewerLogo.gif","service":{"profile":"http://iiif.io/api/image/2/level2.json","@context":"http://iiif.io/api/image/2/context.json","@id":""}},"@context":"http://iiif.io/api/presentation/2/context.json","seeAlso":{"format":"application/xml","@id":"https://sammlung.volkskundemuseum.at/oai?verb=GetRecord&metadataPrefix=mets&identifier=255609","label":"METS"},"@id":"https://sammlung.volkskundemuseum.at/i3f/v20/255609/manifest","@type":"sc:Manifest","metadata":[{"value":"Glasdiapositiv gerahmt, mit schwarzen Papierstreifen umklebt, Reproduktion einer Abbildung (Heliograv\u00fcre) aus einer Publikation. Abgebildet ist das Deckenkreuz in der Inschriftenkammer zu Klein Weikersdorf.","label":"Beschreibung"},{"value":"Mitarbeiter:in des Museums","label":"Fotograf:in"},{"value":"Wien (Aufnahmeort)   ; vor 1925 (Aufnahmedatum) ; 1903 (Vorlage)","label":"Entstehung"},{"value":"Glas, Fotografie ; Papierstreifen","label":"Material"},{"value":"Diapositivverfahren schwarz-wei\u00df","label":"Technik"},{"value":"quadratisch","label":"Format"},{"value":"H: 8,4 cm B: 8,5 cm","label":"Abmessungen"},{"value":"Objekt","label":"Objekttyp"},{"value":"Glasdiapositiv, schwarz-wei\u00df","label":"Objektart"},{"value":"Karner, Pater Lambert: K\u00fcnstliche H\u00f6hlen aus alter Zeit, Wien 1903, S. 56.","label":"Weiterf\u00fchrende Informationen"},{"value":"dia/783","label":"Inventarnummer"},{"value":"Kochen","label":"Assoziation"},{"value":"[dia/127] - Diapositiv: Erdstall im Wagram bei Hippersdorf, Nieder\u00f6sterreich[dia/128] - Diapositiv: senkrechter Aufstieg in einem Erdstall in M\u00fcnzkirchen, Ober\u00f6sterreich[dia/129] - Diapositiv: Deckenkreuz in der \"Inschriftenkammer\" eines Erdstalls, Kleinweikersdorf, Nieder\u00f6sterreich","label":"\u00c4hnliche Objekte"},{"value":"recto: Eigentum des Museums f\u00fcr Volkskunde. // Inv.-Nr. / 783. Erdstall, N. Oesterr. / B. \rverso: CIV2","label":"Inschrift / Aufschrift"},{"value":"Museumsaufnahme, selbst erstellt","label":"Erwerbungsart"}]}