{"viewingHint":"paged","service":[],"structures":[{"ranges":["https://sammlung.volkskundemuseum.at/i3f/v20/255595/range/257000","https://sammlung.volkskundemuseum.at/i3f/v20/255595/range/257001"],"viewingHint":"top","@id":"https://sammlung.volkskundemuseum.at/i3f/v20/255595/range/255595","@type":"sc:Range","label":"Table of Contents"},{"canvases":["https://sammlung.volkskundemuseum.at/i3f/v20/255595/canvas/258608"],"@id":"https://sammlung.volkskundemuseum.at/i3f/v20/255595/range/257000","@type":"sc:Range","label":"dig/36875: Volkskundemuseum Wien"},{"canvases":["https://sammlung.volkskundemuseum.at/i3f/v20/255595/canvas/258609"],"@id":"https://sammlung.volkskundemuseum.at/i3f/v20/255595/range/257001","@type":"sc:Range","label":"dig/36876: Volkskundemuseum Wien"}],"sequences":[{"canvases":[{"height":4321,"width":4374,"images":[{"resource":{"service":{"profile":"http://iiif.io/api/image/2/level2.json","@context":"http://iiif.io/api/image/2/context.json","@id":"https://sammlung.volkskundemuseum.at/i3f/v20/258608"},"format":"image/jpeg","height":987,"width":1000,"@id":"https://sammlung.volkskundemuseum.at/download/webcache/1000/258608","@type":"dctypes:Image"},"on":"https://sammlung.volkskundemuseum.at/i3f/v20/255595/canvas/258608","motivation":"sc:painting","@id":"https://sammlung.volkskundemuseum.at/i3f/v20/255595/annotation/258608","@type":"oa:Annotation"}],"label":"[1]","@id":"https://sammlung.volkskundemuseum.at/i3f/v20/255595/canvas/258608","@type":"sc:Canvas"},{"height":2175,"width":2216,"images":[{"resource":{"service":{"profile":"http://iiif.io/api/image/2/level2.json","@context":"http://iiif.io/api/image/2/context.json","@id":"https://sammlung.volkskundemuseum.at/i3f/v20/258609"},"format":"image/jpeg","height":981,"width":1000,"@id":"https://sammlung.volkskundemuseum.at/download/webcache/1000/258609","@type":"dctypes:Image"},"on":"https://sammlung.volkskundemuseum.at/i3f/v20/255595/canvas/258609","motivation":"sc:painting","@id":"https://sammlung.volkskundemuseum.at/i3f/v20/255595/annotation/258609","@type":"oa:Annotation"}],"label":"[2]","@id":"https://sammlung.volkskundemuseum.at/i3f/v20/255595/canvas/258609","@type":"sc:Canvas"}],"viewingHint":"paged","startCanvas":"https://sammlung.volkskundemuseum.at/i3f/v20/255595/canvas/258608","viewingDirection":"left-to-right","label":"Current Page Order","@context":"http://iiif.io/api/presentation/2/context.json","@id":"https://sammlung.volkskundemuseum.at/i3f/v20/255595/sequence/normal","@type":"sc:Sequence"}],"label":"dia/770: Diapositiv: Bandeltanz, bayerische Tracht","thumbnail":{"width":304,"height":300,"@id":"https://sammlung.volkskundemuseum.at/i3f/v21/258608/full/304/0/default.jpg","@type":"dctypes:Image","format":"image/jpeg"},"logo":{"@id":"https://sammlung.volkskundemuseum.at/domainresource/static/graphics/connectors/viewerLogo.gif","service":{"profile":"http://iiif.io/api/image/2/level2.json","@context":"http://iiif.io/api/image/2/context.json","@id":""}},"@context":"http://iiif.io/api/presentation/2/context.json","seeAlso":{"format":"application/xml","@id":"https://sammlung.volkskundemuseum.at/oai?verb=GetRecord&metadataPrefix=mets&identifier=255595","label":"METS"},"@id":"https://sammlung.volkskundemuseum.at/i3f/v20/255595/manifest","@type":"sc:Manifest","metadata":[{"value":"Glasdiapositiv gerahmt, mit schwarzen Papierstreifen umklebt, Reproduktion eines Positivs. Abgebildet ist eine Gruppe von M\u00e4nnern und Frauen bei einem sogenannten \"Bandeltanz\". Rechts im Bild ist ein Teil eines Hauses und eine Steinmauer. Zwischen den Tanzenden und der Steinmauer sitzen an einem kleinen Tisch zwei M\u00e4nner und eine Frau.","label":"Beschreibung"},{"value":"Mitarbeiter:in des Museums","label":"Fotograf:in"},{"value":"Wien (Aufnahmeort)   ; vor 1925 (Aufnahmedatum)","label":"Entstehung"},{"value":"Glas, Fotografie ; Papierstreifen","label":"Material"},{"value":"Diapositivverfahren schwarz-wei\u00df","label":"Technik"},{"value":"quadratisch","label":"Format"},{"value":"H: 8,6 cm B: 8,5 cm","label":"Abmessungen"},{"value":"Objekt","label":"Objekttyp"},{"value":"Glasdiapositiv, schwarz-wei\u00df","label":"Objektart"},{"value":"dia/770","label":"Inventarnummer"},{"value":"Brauch   / Fest","label":"Assoziation"},{"value":"[dia/772/002] - Diapositiv: Tresterert\u00e4nzer, Pinzgau, Salzburg[dia/772/001] - Diapositiv: Tresterert\u00e4nzer, Pinzgau, Salzburg[dia/771/002] - Diapositiv: Tanzgruppe, Tirol[dia/771/001] - Diapositiv: Tanzgruppe, Tirol[dia/767] - Diapositiv: slowakischer Tanz bei einem Kirchweihfest[dia/752] - Diapositiv: Pottschacher Brechelt\u00e4nzer \"Radbohrn\", Nieder\u00f6sterreich[dia/313] - Diapositiv: Gruppe beim Kolo-Tanz, Montenegro","label":"\u00c4hnliche Objekte"},{"value":"recto: Eigentum des Museums f\u00fcr Volkskunde. // Bandeltanz, aufgef. v. e. Gesellsch. in bayr. (Schlierseer?) Tracht. 770 / BIBLIOTHEK DES VEREINS F\u00dcR \u00d6STERREICHISCHE VOLKSKUNDE\rverso: XII1","label":"Inschrift / Aufschrift"},{"value":"Museumsaufnahme, selbst erstellt","label":"Erwerbungsart"}]}