{"viewingHint":"paged","service":[],"structures":[{"ranges":["https://sammlung.volkskundemuseum.at/i3f/v20/255545/range/256891","https://sammlung.volkskundemuseum.at/i3f/v20/255545/range/256892"],"viewingHint":"top","@id":"https://sammlung.volkskundemuseum.at/i3f/v20/255545/range/255545","@type":"sc:Range","label":"Table of Contents"},{"canvases":["https://sammlung.volkskundemuseum.at/i3f/v20/255545/canvas/258508"],"@id":"https://sammlung.volkskundemuseum.at/i3f/v20/255545/range/256891","@type":"sc:Range","label":"dig/36775: Volkskundemuseum Wien"},{"canvases":["https://sammlung.volkskundemuseum.at/i3f/v20/255545/canvas/258509"],"@id":"https://sammlung.volkskundemuseum.at/i3f/v20/255545/range/256892","@type":"sc:Range","label":"dig/36776: Volkskundemuseum Wien"}],"sequences":[{"canvases":[{"height":4110,"width":4167,"images":[{"resource":{"service":{"profile":"http://iiif.io/api/image/2/level2.json","@context":"http://iiif.io/api/image/2/context.json","@id":"https://sammlung.volkskundemuseum.at/i3f/v20/258508"},"format":"image/jpeg","height":986,"width":1000,"@id":"https://sammlung.volkskundemuseum.at/download/webcache/1000/258508","@type":"dctypes:Image"},"on":"https://sammlung.volkskundemuseum.at/i3f/v20/255545/canvas/258508","motivation":"sc:painting","@id":"https://sammlung.volkskundemuseum.at/i3f/v20/255545/annotation/258508","@type":"oa:Annotation"}],"label":"[1]","@id":"https://sammlung.volkskundemuseum.at/i3f/v20/255545/canvas/258508","@type":"sc:Canvas"},{"height":2039,"width":2097,"images":[{"resource":{"service":{"profile":"http://iiif.io/api/image/2/level2.json","@context":"http://iiif.io/api/image/2/context.json","@id":"https://sammlung.volkskundemuseum.at/i3f/v20/258509"},"format":"image/jpeg","height":972,"width":1000,"@id":"https://sammlung.volkskundemuseum.at/download/webcache/1000/258509","@type":"dctypes:Image"},"on":"https://sammlung.volkskundemuseum.at/i3f/v20/255545/canvas/258509","motivation":"sc:painting","@id":"https://sammlung.volkskundemuseum.at/i3f/v20/255545/annotation/258509","@type":"oa:Annotation"}],"label":"[2]","@id":"https://sammlung.volkskundemuseum.at/i3f/v20/255545/canvas/258509","@type":"sc:Canvas"}],"viewingHint":"paged","startCanvas":"https://sammlung.volkskundemuseum.at/i3f/v20/255545/canvas/258508","viewingDirection":"left-to-right","label":"Current Page Order","@context":"http://iiif.io/api/presentation/2/context.json","@id":"https://sammlung.volkskundemuseum.at/i3f/v20/255545/sequence/normal","@type":"sc:Sequence"}],"label":"dia/722: Diapositiv: Abrahmmesser, Montafon, Museum Schruns, Vorarlberg","thumbnail":{"width":304,"height":299,"@id":"https://sammlung.volkskundemuseum.at/i3f/v21/258508/full/304/0/default.jpg","@type":"dctypes:Image","format":"image/jpeg"},"logo":{"@id":"https://sammlung.volkskundemuseum.at/domainresource/static/graphics/connectors/viewerLogo.gif","service":{"profile":"http://iiif.io/api/image/2/level2.json","@context":"http://iiif.io/api/image/2/context.json","@id":""}},"@context":"http://iiif.io/api/presentation/2/context.json","seeAlso":{"format":"application/xml","@id":"https://sammlung.volkskundemuseum.at/oai?verb=GetRecord&metadataPrefix=mets&identifier=255545","label":"METS"},"@id":"https://sammlung.volkskundemuseum.at/i3f/v20/255545/manifest","@type":"sc:Manifest","metadata":[{"value":"Glasdiapositiv gerahmt, mit schwarzen Papierstreifen umklebt, Reproduktion eines Positivs. Abgebildet sind zwei kunstvoll geschnitzte Abrahmmesser aus dem Montafon, Museum Schruns.","label":"Beschreibung"},{"value":"unbekannt","label":"Fotograf:in"},{"value":"\u00d6sterreichisches Volksbildungsamt","label":"Herausgeber:in"},{"value":"Wien (Aufnahmeort)   ; vor 1921-1923 (Aufnahmedatum)","label":"Entstehung"},{"value":"Glas, Fotografie ; Papierstreifen","label":"Material"},{"value":"Diapositivverfahren schwarz-wei\u00df","label":"Technik"},{"value":"quadratisch","label":"Format"},{"value":"H: 8,1 cm B: 8,1 cm","label":"Abmessungen"},{"value":"Objekt","label":"Objekttyp"},{"value":"Glasdiapositiv, schwarz-wei\u00df","label":"Objektart"},{"value":"dia/722","label":"Inventarnummer"},{"value":"[dia/438] - Diapositiv: Besteck und Taschenfeitel, alpenl\u00e4ndisch[dia/437] - Diapositiv: Besteck und Taschenfeitel, alpenl\u00e4ndisch","label":"\u00c4hnliche Objekte"},{"value":"recto: Eigentum des \u00d6sterr. Volksbildungsamtes. /// roter Aufkleber // B. / 54 / Inv.-Nr. / 13743 / B. / 1[..] // KII9 // Leihgabe an das Mus. f. Volkskunde.\rverso: Abrahmmesser, Montafon / 107 / 722 // St\u00e4ndige Leihgabe","label":"Inschrift / Aufschrift"},{"value":"Dauerleihgabe","label":"Erwerbungsart"}]}