{"viewingHint":"paged","service":[],"structures":[{"ranges":["https://sammlung.volkskundemuseum.at/i3f/v20/255292/range/256350","https://sammlung.volkskundemuseum.at/i3f/v20/255292/range/256351"],"viewingHint":"top","@id":"https://sammlung.volkskundemuseum.at/i3f/v20/255292/range/255292","@type":"sc:Range","label":"Table of Contents"},{"canvases":["https://sammlung.volkskundemuseum.at/i3f/v20/255292/canvas/258001"],"@id":"https://sammlung.volkskundemuseum.at/i3f/v20/255292/range/256350","@type":"sc:Range","label":"dig/34099: Volkskundemuseum Wien"},{"canvases":["https://sammlung.volkskundemuseum.at/i3f/v20/255292/canvas/258002"],"@id":"https://sammlung.volkskundemuseum.at/i3f/v20/255292/range/256351","@type":"sc:Range","label":"dig/34100: Volkskundemuseum Wien"}],"sequences":[{"canvases":[{"height":4179,"width":4212,"images":[{"resource":{"service":{"profile":"http://iiif.io/api/image/2/level2.json","@context":"http://iiif.io/api/image/2/context.json","@id":"https://sammlung.volkskundemuseum.at/i3f/v20/258001"},"format":"image/jpeg","height":992,"width":1000,"@id":"https://sammlung.volkskundemuseum.at/download/webcache/1000/258001","@type":"dctypes:Image"},"on":"https://sammlung.volkskundemuseum.at/i3f/v20/255292/canvas/258001","motivation":"sc:painting","@id":"https://sammlung.volkskundemuseum.at/i3f/v20/255292/annotation/258001","@type":"oa:Annotation"}],"label":"[1]","@id":"https://sammlung.volkskundemuseum.at/i3f/v20/255292/canvas/258001","@type":"sc:Canvas"},{"height":2097,"width":2131,"images":[{"resource":{"service":{"profile":"http://iiif.io/api/image/2/level2.json","@context":"http://iiif.io/api/image/2/context.json","@id":"https://sammlung.volkskundemuseum.at/i3f/v20/258002"},"format":"image/jpeg","height":984,"width":1000,"@id":"https://sammlung.volkskundemuseum.at/download/webcache/1000/258002","@type":"dctypes:Image"},"on":"https://sammlung.volkskundemuseum.at/i3f/v20/255292/canvas/258002","motivation":"sc:painting","@id":"https://sammlung.volkskundemuseum.at/i3f/v20/255292/annotation/258002","@type":"oa:Annotation"}],"label":"[2]","@id":"https://sammlung.volkskundemuseum.at/i3f/v20/255292/canvas/258002","@type":"sc:Canvas"}],"viewingHint":"paged","startCanvas":"https://sammlung.volkskundemuseum.at/i3f/v20/255292/canvas/258001","viewingDirection":"left-to-right","label":"Current Page Order","@context":"http://iiif.io/api/presentation/2/context.json","@id":"https://sammlung.volkskundemuseum.at/i3f/v20/255292/sequence/normal","@type":"sc:Sequence"}],"label":"dia/293: Diapositiv: Geh\u00f6ft in \u010cepelica, Bosnien und Herzegowina","thumbnail":{"width":304,"height":301,"@id":"https://sammlung.volkskundemuseum.at/i3f/v21/258001/full/304/0/default.jpg","@type":"dctypes:Image","format":"image/jpeg"},"logo":{"@id":"https://sammlung.volkskundemuseum.at/domainresource/static/graphics/connectors/viewerLogo.gif","service":{"profile":"http://iiif.io/api/image/2/level2.json","@context":"http://iiif.io/api/image/2/context.json","@id":""}},"@context":"http://iiif.io/api/presentation/2/context.json","seeAlso":{"format":"application/xml","@id":"https://sammlung.volkskundemuseum.at/oai?verb=GetRecord&metadataPrefix=mets&identifier=255292","label":"METS"},"@id":"https://sammlung.volkskundemuseum.at/i3f/v20/255292/manifest","@type":"sc:Manifest","metadata":[{"value":"Glasdiapositiv gerahmt, mit schwarzen Papierstreifen umklebt, Reproduktion eines Positivs. Abgebildet ist ein Geh\u00f6ft mit Schilfdach. Rechts im Vordergrund ist eine Steinmauer ersichtlich. Neben dem Haus befinden sich ein Zaun und dahinter B\u00e4ume.","label":"Beschreibung"},{"value":"Mitarbeiter:in des Museums","label":"Fotograf:in"},{"value":"Wien (Aufnahmeort)   ; [vor 1916?] (Aufnahmedatum)","label":"Entstehung"},{"value":"Glas, Fotografie ; Papierstreifen","label":"Material"},{"value":"Diapositivverfahren schwarz-wei\u00df","label":"Technik"},{"value":"quadratisch","label":"Format"},{"value":"H: 8,3 cm B: 8,3 cm","label":"Abmessungen"},{"value":"Objekt","label":"Objekttyp"},{"value":"Glasdiapositiv, schwarz-wei\u00df","label":"Objektart"},{"value":"dia/293","label":"Inventarnummer"},{"value":"[dia/828] - Diapositiv: Geh\u00f6ft in Bargone\u0161, Albanien[dia/827] - Diapositiv: Geh\u00f6ft bei Berat, Albanien[dia/817] - Diapositiv: H\u00e4usergruppe bei Kani, Lijeva Rijeka, Montenegro[dia/295] - Diapositiv: Hirtenh\u00fctte mit Herde, \u010cepelica, Bosnien und Herzegowina[dia/294] - Diapositiv: Haus in \u010cepelica, Bosnien und Herzegowina","label":"\u00c4hnliche Objekte"},{"value":"recto: MUSEUM F\u00dcR VOLKSKUNDE, WIEN // Geh\u00f6fte in \u010cepelica, bei Biler Mus.f.\u00f6. V. 293.\rverso: CCI8","label":"Inschrift / Aufschrift"},{"value":"Museumsaufnahme, selbst erstellt","label":"Erwerbungsart"}]}