{"viewingHint":"paged","service":[],"structures":[{"ranges":["https://sammlung.volkskundemuseum.at/i3f/v20/255289/range/256343","https://sammlung.volkskundemuseum.at/i3f/v20/255289/range/256344"],"viewingHint":"top","@id":"https://sammlung.volkskundemuseum.at/i3f/v20/255289/range/255289","@type":"sc:Range","label":"Table of Contents"},{"canvases":["https://sammlung.volkskundemuseum.at/i3f/v20/255289/canvas/257995"],"@id":"https://sammlung.volkskundemuseum.at/i3f/v20/255289/range/256343","@type":"sc:Range","label":"dig/34093: Volkskundemuseum Wien"},{"canvases":["https://sammlung.volkskundemuseum.at/i3f/v20/255289/canvas/257996"],"@id":"https://sammlung.volkskundemuseum.at/i3f/v20/255289/range/256344","@type":"sc:Range","label":"dig/34094: Volkskundemuseum Wien"}],"sequences":[{"canvases":[{"height":4180,"width":4170,"images":[{"resource":{"service":{"profile":"http://iiif.io/api/image/2/level2.json","@context":"http://iiif.io/api/image/2/context.json","@id":"https://sammlung.volkskundemuseum.at/i3f/v20/257995"},"format":"image/jpeg","height":1002,"width":1000,"@id":"https://sammlung.volkskundemuseum.at/download/webcache/1000/257995","@type":"dctypes:Image"},"on":"https://sammlung.volkskundemuseum.at/i3f/v20/255289/canvas/257995","motivation":"sc:painting","@id":"https://sammlung.volkskundemuseum.at/i3f/v20/255289/annotation/257995","@type":"oa:Annotation"}],"label":"[1]","@id":"https://sammlung.volkskundemuseum.at/i3f/v20/255289/canvas/257995","@type":"sc:Canvas"},{"height":2083,"width":2116,"images":[{"resource":{"service":{"profile":"http://iiif.io/api/image/2/level2.json","@context":"http://iiif.io/api/image/2/context.json","@id":"https://sammlung.volkskundemuseum.at/i3f/v20/257996"},"format":"image/jpeg","height":984,"width":1000,"@id":"https://sammlung.volkskundemuseum.at/download/webcache/1000/257996","@type":"dctypes:Image"},"on":"https://sammlung.volkskundemuseum.at/i3f/v20/255289/canvas/257996","motivation":"sc:painting","@id":"https://sammlung.volkskundemuseum.at/i3f/v20/255289/annotation/257996","@type":"oa:Annotation"}],"label":"[2]","@id":"https://sammlung.volkskundemuseum.at/i3f/v20/255289/canvas/257996","@type":"sc:Canvas"}],"viewingHint":"paged","startCanvas":"https://sammlung.volkskundemuseum.at/i3f/v20/255289/canvas/257995","viewingDirection":"left-to-right","label":"Current Page Order","@context":"http://iiif.io/api/presentation/2/context.json","@id":"https://sammlung.volkskundemuseum.at/i3f/v20/255289/sequence/normal","@type":"sc:Sequence"}],"label":"dia/290: Diapositiv: geteiltes Haus mit Stadel, Wolkenstein in Gr\u00f6den, S\u00fcdtirol, Italien","thumbnail":{"width":304,"height":304,"@id":"https://sammlung.volkskundemuseum.at/i3f/v21/257995/full/304/0/default.jpg","@type":"dctypes:Image","format":"image/jpeg"},"logo":{"@id":"https://sammlung.volkskundemuseum.at/domainresource/static/graphics/connectors/viewerLogo.gif","service":{"profile":"http://iiif.io/api/image/2/level2.json","@context":"http://iiif.io/api/image/2/context.json","@id":""}},"@context":"http://iiif.io/api/presentation/2/context.json","seeAlso":{"format":"application/xml","@id":"https://sammlung.volkskundemuseum.at/oai?verb=GetRecord&metadataPrefix=mets&identifier=255289","label":"METS"},"@id":"https://sammlung.volkskundemuseum.at/i3f/v20/255289/manifest","@type":"sc:Manifest","metadata":[{"value":"Glasdiapositiv gerahmt, mit schwarzen Papierstreifen umklebt, Reproduktion eines Positivs. Abgebildet ist ein vierst\u00f6ckiges Geb\u00e4ude, das zur H\u00e4lfte ein Wohnhaus und zur anderen H\u00e4lfte ein Stadel ist. Das Geb\u00e4ude mit Satteldach befindet sich auf einem Hang mit einem Wald im Hintergrund.","label":"Beschreibung"},{"value":"Mitarbeiter:in des Museums","label":"Fotograf:in"},{"value":"Wien (Aufnahmeort)   ; [vor 1916?] (Aufnahmedatum)","label":"Entstehung"},{"value":"Glas, Fotografie ; Papierstreifen","label":"Material"},{"value":"Diapositivverfahren schwarz-wei\u00df","label":"Technik"},{"value":"quadratisch","label":"Format"},{"value":"H: 8,2 cm B: 8,2 cm","label":"Abmessungen"},{"value":"Objekt","label":"Objekttyp"},{"value":"Glasdiapositiv, schwarz-wei\u00df","label":"Objektart"},{"value":"dia/290","label":"Inventarnummer"},{"value":"[dia/687] - Diapositiv: Haus in Himmelberg, K\u00e4rnten[dia/979] - Diapositiv: Otterhaus in G\u00f6\u00dfl, Steiermark[dia/870] - Diapositiv: St. Maria in Wolkenstein, S\u00fcdtirol, Italien[dia/869] - Diapositiv: Kolfuschg und Sellagruppe, S\u00fcdtirol, Italien[dia/868] - Diapositiv: St. Ulrich im Gr\u00f6dental, S\u00fcdtirol, Italien[dia/713] - Diapositiv: Bauernhaus mit Friedhof, Montafon, Vorarlberg[dia/475] - Diapositiv: Bauernhof und Schulhaus, Bukowina[dia/474/001] - Diapositiv: Bauernh\u00e4user aus Wallern, B\u00f6hmen[dia/292] - Diapositiv: Bauernhaus in Moena, Fassatal, Trentino, Italien[dia/291] - Diapositiv: Bauernhaus in Soraga, Fassatal, Trentino, Italien[dia/289] - Diapositiv: Gr\u00f6dner Stadel in St. Ulrich, S\u00fcdtirol, Italien[neg/115/002] - Negativ: Bauernhaus in Wolkenstein, S\u00fcdtirol","label":"\u00c4hnliche Objekte"},{"value":"recto: 2949 /// MUSEUM F\u00dcR VOLKSKUNDE, WIEN // Geteiltes Haus \"Wolkenstein i Gr\u00f6den\" 290. M.f.V. \rverso: CIh4 // Eigentum des Museums f\u00fcr Volkskunde.","label":"Inschrift / Aufschrift"},{"value":"Museumsaufnahme, selbst erstellt","label":"Erwerbungsart"}]}