{"viewingHint":"paged","service":[],"structures":[{"ranges":["https://sammlung.volkskundemuseum.at/i3f/v20/255281/range/256326","https://sammlung.volkskundemuseum.at/i3f/v20/255281/range/256327"],"viewingHint":"top","@id":"https://sammlung.volkskundemuseum.at/i3f/v20/255281/range/255281","@type":"sc:Range","label":"Table of Contents"},{"canvases":["https://sammlung.volkskundemuseum.at/i3f/v20/255281/canvas/257979"],"@id":"https://sammlung.volkskundemuseum.at/i3f/v20/255281/range/256326","@type":"sc:Range","label":"dig/34077: Volkskundemuseum Wien"},{"canvases":["https://sammlung.volkskundemuseum.at/i3f/v20/255281/canvas/257980"],"@id":"https://sammlung.volkskundemuseum.at/i3f/v20/255281/range/256327","@type":"sc:Range","label":"dig/34078: Volkskundemuseum Wien"}],"sequences":[{"canvases":[{"height":4173,"width":4199,"images":[{"resource":{"service":{"profile":"http://iiif.io/api/image/2/level2.json","@context":"http://iiif.io/api/image/2/context.json","@id":"https://sammlung.volkskundemuseum.at/i3f/v20/257979"},"format":"image/jpeg","height":993,"width":1000,"@id":"https://sammlung.volkskundemuseum.at/download/webcache/1000/257979","@type":"dctypes:Image"},"on":"https://sammlung.volkskundemuseum.at/i3f/v20/255281/canvas/257979","motivation":"sc:painting","@id":"https://sammlung.volkskundemuseum.at/i3f/v20/255281/annotation/257979","@type":"oa:Annotation"}],"label":"[1]","@id":"https://sammlung.volkskundemuseum.at/i3f/v20/255281/canvas/257979","@type":"sc:Canvas"},{"height":2098,"width":2140,"images":[{"resource":{"service":{"profile":"http://iiif.io/api/image/2/level2.json","@context":"http://iiif.io/api/image/2/context.json","@id":"https://sammlung.volkskundemuseum.at/i3f/v20/257980"},"format":"image/jpeg","height":980,"width":1000,"@id":"https://sammlung.volkskundemuseum.at/download/webcache/1000/257980","@type":"dctypes:Image"},"on":"https://sammlung.volkskundemuseum.at/i3f/v20/255281/canvas/257980","motivation":"sc:painting","@id":"https://sammlung.volkskundemuseum.at/i3f/v20/255281/annotation/257980","@type":"oa:Annotation"}],"label":"[2]","@id":"https://sammlung.volkskundemuseum.at/i3f/v20/255281/canvas/257980","@type":"sc:Canvas"}],"viewingHint":"paged","startCanvas":"https://sammlung.volkskundemuseum.at/i3f/v20/255281/canvas/257979","viewingDirection":"left-to-right","label":"Current Page Order","@context":"http://iiif.io/api/presentation/2/context.json","@id":"https://sammlung.volkskundemuseum.at/i3f/v20/255281/sequence/normal","@type":"sc:Sequence"}],"label":"dia/281: Diapositiv: alte Gr\u00f6dner Trachten, S\u00fcdtirol, Italien","thumbnail":{"width":304,"height":302,"@id":"https://sammlung.volkskundemuseum.at/i3f/v21/257979/full/304/0/default.jpg","@type":"dctypes:Image","format":"image/jpeg"},"logo":{"@id":"https://sammlung.volkskundemuseum.at/domainresource/static/graphics/connectors/viewerLogo.gif","service":{"profile":"http://iiif.io/api/image/2/level2.json","@context":"http://iiif.io/api/image/2/context.json","@id":""}},"@context":"http://iiif.io/api/presentation/2/context.json","seeAlso":{"format":"application/xml","@id":"https://sammlung.volkskundemuseum.at/oai?verb=GetRecord&metadataPrefix=mets&identifier=255281","label":"METS"},"@id":"https://sammlung.volkskundemuseum.at/i3f/v20/255281/manifest","@type":"sc:Manifest","metadata":[{"value":"Glasdiapositiv gerahmt, mit schwarzen Papierstreifen umklebt, Reproduktion eines Positivs. Abgebildet sind eine Frau und ein Mann in Gr\u00f6dner Tracht. Die Frau tr\u00e4gt ein dunkles Oberteil mit breitem Spitzenkragen, einen langen Rock, einen Hut mit breiter Krempe und einen gro\u00dfen Fellmuff. Der Mann tr\u00e4gt eine Weste, eine knielange Hose mit wei\u00dfen Str\u00fcmpfen, einen wadenlangen Mantel und einen Zylinder. In der Hand h\u00e4lt er einen nicht aufgespannten Schirm. Im Hintergrund ist ein Zaun, eine Wiese und ein Wald zu sehen.","label":"Beschreibung"},{"value":"Mitarbeiter:in des Museums","label":"Fotograf:in"},{"value":"Wien (Aufnahmeort)   ; 1916 (Aufnahmedatum, datiert)","label":"Entstehung"},{"value":"Glas, Fotografie ; Papierstreifen","label":"Material"},{"value":"Diapositivverfahren schwarz-wei\u00df","label":"Technik"},{"value":"Querformat","label":"Format"},{"value":"H: 8,2 cm B: 8,2 cm","label":"Abmessungen"},{"value":"Objekt","label":"Objekttyp"},{"value":"Glasdiapositiv, schwarz-wei\u00df","label":"Objektart"},{"value":"dia/281","label":"Inventarnummer"},{"value":"[dia/863] - Diapositiv: m\u00e4nnliche Figurine in Flachgauer Tracht, Salzburg[dia/287] - Diapositiv: Hochzeitszug, Alt Gr\u00f6dner Trachten, S\u00fcdtirol, Italien[dia/283] - Diapositiv: Frau in Tracht, Ampezzanerin, Italien[dia/868] - Diapositiv: St. Ulrich im Gr\u00f6dental, S\u00fcdtirol, Italien[dia/862] - Diapositiv: m\u00e4nnliche Figurine in Tracht, Kalser Tal, Hohe Tauern, Tirol","label":"\u00c4hnliche Objekte"},{"value":"recto: Alte Gr\u00f6dner Tracht /// Eigentum des Museums f\u00fcr Volkskunde. // Alte Gr\u00f6dener Tracht. / 281 / M.f.\u00f6.V. 281.\rverso: FIh1","label":"Inschrift / Aufschrift"},{"value":"Museumsaufnahme, selbst erstellt","label":"Erwerbungsart"}]}