{"viewingHint":"paged","service":[],"structures":[{"ranges":["https://sammlung.volkskundemuseum.at/i3f/v20/255224/range/256210","https://sammlung.volkskundemuseum.at/i3f/v20/255224/range/256211"],"viewingHint":"top","@id":"https://sammlung.volkskundemuseum.at/i3f/v20/255224/range/255224","@type":"sc:Range","label":"Table of Contents"},{"canvases":["https://sammlung.volkskundemuseum.at/i3f/v20/255224/canvas/257865"],"@id":"https://sammlung.volkskundemuseum.at/i3f/v20/255224/range/256210","@type":"sc:Range","label":"dig/33959: Volkskundemuseum Wien"},{"canvases":["https://sammlung.volkskundemuseum.at/i3f/v20/255224/canvas/257866"],"@id":"https://sammlung.volkskundemuseum.at/i3f/v20/255224/range/256211","@type":"sc:Range","label":"dig/33960: Volkskundemuseum Wien"}],"sequences":[{"canvases":[{"height":4145,"width":4149,"images":[{"resource":{"service":{"profile":"http://iiif.io/api/image/2/level2.json","@context":"http://iiif.io/api/image/2/context.json","@id":"https://sammlung.volkskundemuseum.at/i3f/v20/257865"},"format":"image/jpeg","height":999,"width":1000,"@id":"https://sammlung.volkskundemuseum.at/download/webcache/1000/257865","@type":"dctypes:Image"},"on":"https://sammlung.volkskundemuseum.at/i3f/v20/255224/canvas/257865","motivation":"sc:painting","@id":"https://sammlung.volkskundemuseum.at/i3f/v20/255224/annotation/257865","@type":"oa:Annotation"}],"label":"[1]","@id":"https://sammlung.volkskundemuseum.at/i3f/v20/255224/canvas/257865","@type":"sc:Canvas"},{"height":2072,"width":2092,"images":[{"resource":{"service":{"profile":"http://iiif.io/api/image/2/level2.json","@context":"http://iiif.io/api/image/2/context.json","@id":"https://sammlung.volkskundemuseum.at/i3f/v20/257866"},"format":"image/jpeg","height":990,"width":1000,"@id":"https://sammlung.volkskundemuseum.at/download/webcache/1000/257866","@type":"dctypes:Image"},"on":"https://sammlung.volkskundemuseum.at/i3f/v20/255224/canvas/257866","motivation":"sc:painting","@id":"https://sammlung.volkskundemuseum.at/i3f/v20/255224/annotation/257866","@type":"oa:Annotation"}],"label":"[2]","@id":"https://sammlung.volkskundemuseum.at/i3f/v20/255224/canvas/257866","@type":"sc:Canvas"}],"viewingHint":"paged","startCanvas":"https://sammlung.volkskundemuseum.at/i3f/v20/255224/canvas/257865","viewingDirection":"left-to-right","label":"Current Page Order","@context":"http://iiif.io/api/presentation/2/context.json","@id":"https://sammlung.volkskundemuseum.at/i3f/v20/255224/sequence/normal","@type":"sc:Sequence"}],"label":"dia/220: Diapositiv: Wohnraum mit Gegenst\u00e4nden, Albanien","thumbnail":{"width":304,"height":303,"@id":"https://sammlung.volkskundemuseum.at/i3f/v21/257865/full/304/0/default.jpg","@type":"dctypes:Image","format":"image/jpeg"},"logo":{"@id":"https://sammlung.volkskundemuseum.at/domainresource/static/graphics/connectors/viewerLogo.gif","service":{"profile":"http://iiif.io/api/image/2/level2.json","@context":"http://iiif.io/api/image/2/context.json","@id":""}},"@context":"http://iiif.io/api/presentation/2/context.json","seeAlso":{"format":"application/xml","@id":"https://sammlung.volkskundemuseum.at/oai?verb=GetRecord&metadataPrefix=mets&identifier=255224","label":"METS"},"@id":"https://sammlung.volkskundemuseum.at/i3f/v20/255224/manifest","@type":"sc:Manifest","metadata":[{"value":"Glasdiapositiv gerahmt, mit schwarzen Papierstreifen umklebt, Reproduktion einer Abbildung aus einer Publikation. Abgebildet ist ein Innenraum (Wohnzimmer) mit einer stehenden Person, K\u00f6rben, einer Holzleiter, Gef\u00e4\u00dfen, F\u00e4ssern, einem Tisch sowie einem Gewehr. Der Raum besitzt ein kleines, quadratisches Fenster.","label":"Beschreibung"},{"value":"Mitarbeiter:in des Museums","label":"Fotograf:in"},{"value":"Wien (Aufnahmeort)   ; [vor 1916?] (Aufnahmedatum)","label":"Entstehung"},{"value":"Glas, Fotografie ; Papierstreifen","label":"Material"},{"value":"Diapositivverfahren schwarz-wei\u00df","label":"Technik"},{"value":"quadratisch","label":"Format"},{"value":"H: 8,2 cm B: 8,3 cm","label":"Abmessungen"},{"value":"Objekt","label":"Objekttyp"},{"value":"Glasdiapositiv, schwarz-wei\u00df","label":"Objektart"},{"value":"dia/220","label":"Inventarnummer"},{"value":"[dia/394] - Diapositiv: OBJEKT FEHLT: istrianische K\u00fcche[dia/580] - Diapositiv: Diele aus dem Alten Lande bei Hamburg[dia/393] - Diapositiv: istrianische K\u00fcche, Zeichnung[dia/355] - Diapositiv: H\u00e4user in Okoli, Nordalbanien[dia/354] - Diapositiv: Wohnstube in Okoli, Nordalbanien","label":"\u00c4hnliche Objekte"},{"value":"recto: MUSEUM F\u00dcR VOLKSKUNDE, WIEN // 220 Das Wohnzimmer S\u00e0dri L\u00f9kas in Okoli (nach Nopcsa)\rverso: DD4","label":"Inschrift / Aufschrift"},{"value":"Museumsaufnahme, selbst erstellt","label":"Erwerbungsart"}]}