{"viewingHint":"paged","service":[],"structures":[{"ranges":["https://sammlung.volkskundemuseum.at/i3f/v20/255120/range/255993","https://sammlung.volkskundemuseum.at/i3f/v20/255120/range/255994"],"viewingHint":"top","@id":"https://sammlung.volkskundemuseum.at/i3f/v20/255120/range/255120","@type":"sc:Range","label":"Table of Contents"},{"canvases":["https://sammlung.volkskundemuseum.at/i3f/v20/255120/canvas/257656"],"@id":"https://sammlung.volkskundemuseum.at/i3f/v20/255120/range/255993","@type":"sc:Range","label":"dig/33749: Volkskundemuseum Wien"},{"canvases":["https://sammlung.volkskundemuseum.at/i3f/v20/255120/canvas/257657"],"@id":"https://sammlung.volkskundemuseum.at/i3f/v20/255120/range/255994","@type":"sc:Range","label":"dig/33750: Volkskundemuseum Wien"}],"sequences":[{"canvases":[{"height":4130,"width":4180,"images":[{"resource":{"service":{"profile":"http://iiif.io/api/image/2/level2.json","@context":"http://iiif.io/api/image/2/context.json","@id":"https://sammlung.volkskundemuseum.at/i3f/v20/257656"},"format":"image/jpeg","height":988,"width":1000,"@id":"https://sammlung.volkskundemuseum.at/download/webcache/1000/257656","@type":"dctypes:Image"},"on":"https://sammlung.volkskundemuseum.at/i3f/v20/255120/canvas/257656","motivation":"sc:painting","@id":"https://sammlung.volkskundemuseum.at/i3f/v20/255120/annotation/257656","@type":"oa:Annotation"}],"label":"[1]","@id":"https://sammlung.volkskundemuseum.at/i3f/v20/255120/canvas/257656","@type":"sc:Canvas"},{"height":2069,"width":2121,"images":[{"resource":{"service":{"profile":"http://iiif.io/api/image/2/level2.json","@context":"http://iiif.io/api/image/2/context.json","@id":"https://sammlung.volkskundemuseum.at/i3f/v20/257657"},"format":"image/jpeg","height":975,"width":1000,"@id":"https://sammlung.volkskundemuseum.at/download/webcache/1000/257657","@type":"dctypes:Image"},"on":"https://sammlung.volkskundemuseum.at/i3f/v20/255120/canvas/257657","motivation":"sc:painting","@id":"https://sammlung.volkskundemuseum.at/i3f/v20/255120/annotation/257657","@type":"oa:Annotation"}],"label":"[2]","@id":"https://sammlung.volkskundemuseum.at/i3f/v20/255120/canvas/257657","@type":"sc:Canvas"}],"viewingHint":"paged","startCanvas":"https://sammlung.volkskundemuseum.at/i3f/v20/255120/canvas/257656","viewingDirection":"left-to-right","label":"Current Page Order","@context":"http://iiif.io/api/presentation/2/context.json","@id":"https://sammlung.volkskundemuseum.at/i3f/v20/255120/sequence/normal","@type":"sc:Sequence"}],"label":"dia/104: Diapositiv: Majolikaschalen, Istrien","thumbnail":{"width":304,"height":300,"@id":"https://sammlung.volkskundemuseum.at/i3f/v21/257656/full/304/0/default.jpg","@type":"dctypes:Image","format":"image/jpeg"},"logo":{"@id":"https://sammlung.volkskundemuseum.at/domainresource/static/graphics/connectors/viewerLogo.gif","service":{"profile":"http://iiif.io/api/image/2/level2.json","@context":"http://iiif.io/api/image/2/context.json","@id":""}},"@context":"http://iiif.io/api/presentation/2/context.json","seeAlso":{"format":"application/xml","@id":"https://sammlung.volkskundemuseum.at/oai?verb=GetRecord&metadataPrefix=mets&identifier=255120","label":"METS"},"@id":"https://sammlung.volkskundemuseum.at/i3f/v20/255120/manifest","@type":"sc:Manifest","metadata":[{"value":"Glasdiapositiv gerahmt, mit schwarzen Papierstreifen umklebt, Reproduktion eines Positivs aus dem Sammlungsbestand. Abgebildet sind zwei bemalte Majolikaschalen mit figurativen Madonnen.","label":"Beschreibung"},{"value":"Mitarbeiter:in des Museums","label":"Fotograf:in"},{"value":"Wien (Aufnahmeort)   ; [vor 1916?] (Aufnahmedatum)","label":"Entstehung"},{"value":"Glas, Fotografie ; Papierstreifen","label":"Material"},{"value":"Diapositivverfahren schwarz-wei\u00df","label":"Technik"},{"value":"quadratisch","label":"Format"},{"value":"H: 8,3 cm B: 8,2 cm","label":"Abmessungen"},{"value":"Objekt","label":"Objekttyp"},{"value":"Glasdiapositiv, schwarz-wei\u00df","label":"Objektart"},{"value":"dia/104","label":"Inventarnummer"},{"value":"Volksmedizin","label":"Assoziation"},{"value":"[dia/737/002] - Diapositiv: OBJEKT FEHLT: Majolika-Kr\u00fcge, alpenl\u00e4ndisch[dia/737/001] - Diapositiv: Majolika-Kr\u00fcge, alpenl\u00e4ndisch[dia/728] - Diapositiv: Majolika-Schalen, Nieder\u00f6sterreich","label":"\u00c4hnliche Objekte"},{"value":"recto: Eigentum des Museums f\u00fcr Volkskunde. // 104 \"Majolikasch\u00fcsselchen con polv. d. st. casa\"\rverso: PP2","label":"Inschrift / Aufschrift"},{"value":"Museumsaufnahme, selbst erstellt","label":"Erwerbungsart"}]}