{"viewingHint":"paged","service":[],"structures":[{"ranges":["https://sammlung.volkskundemuseum.at/i3f/v20/255113/range/255979","https://sammlung.volkskundemuseum.at/i3f/v20/255113/range/255980"],"viewingHint":"top","@id":"https://sammlung.volkskundemuseum.at/i3f/v20/255113/range/255113","@type":"sc:Range","label":"Table of Contents"},{"canvases":["https://sammlung.volkskundemuseum.at/i3f/v20/255113/canvas/257642"],"@id":"https://sammlung.volkskundemuseum.at/i3f/v20/255113/range/255979","@type":"sc:Range","label":"dig/33735: Volkskundemuseum Wien"},{"canvases":["https://sammlung.volkskundemuseum.at/i3f/v20/255113/canvas/257643"],"@id":"https://sammlung.volkskundemuseum.at/i3f/v20/255113/range/255980","@type":"sc:Range","label":"dig/33736: Volkskundemuseum Wien"}],"sequences":[{"canvases":[{"height":4259,"width":5061,"images":[{"resource":{"service":{"profile":"http://iiif.io/api/image/2/level2.json","@context":"http://iiif.io/api/image/2/context.json","@id":"https://sammlung.volkskundemuseum.at/i3f/v20/257642"},"format":"image/jpeg","height":841,"width":1000,"@id":"https://sammlung.volkskundemuseum.at/download/webcache/1000/257642","@type":"dctypes:Image"},"on":"https://sammlung.volkskundemuseum.at/i3f/v20/255113/canvas/257642","motivation":"sc:painting","@id":"https://sammlung.volkskundemuseum.at/i3f/v20/255113/annotation/257642","@type":"oa:Annotation"}],"label":"[1]","@id":"https://sammlung.volkskundemuseum.at/i3f/v20/255113/canvas/257642","@type":"sc:Canvas"},{"height":2126,"width":2544,"images":[{"resource":{"service":{"profile":"http://iiif.io/api/image/2/level2.json","@context":"http://iiif.io/api/image/2/context.json","@id":"https://sammlung.volkskundemuseum.at/i3f/v20/257643"},"format":"image/jpeg","height":835,"width":1000,"@id":"https://sammlung.volkskundemuseum.at/download/webcache/1000/257643","@type":"dctypes:Image"},"on":"https://sammlung.volkskundemuseum.at/i3f/v20/255113/canvas/257643","motivation":"sc:painting","@id":"https://sammlung.volkskundemuseum.at/i3f/v20/255113/annotation/257643","@type":"oa:Annotation"}],"label":"[2]","@id":"https://sammlung.volkskundemuseum.at/i3f/v20/255113/canvas/257643","@type":"sc:Canvas"}],"viewingHint":"paged","startCanvas":"https://sammlung.volkskundemuseum.at/i3f/v20/255113/canvas/257642","viewingDirection":"left-to-right","label":"Current Page Order","@context":"http://iiif.io/api/presentation/2/context.json","@id":"https://sammlung.volkskundemuseum.at/i3f/v20/255113/sequence/normal","@type":"sc:Sequence"}],"label":"dia/97: Diapositiv: Fraisenhaube, Br\u00fcnn, B\u00f6hmen","thumbnail":{"width":304,"height":255,"@id":"https://sammlung.volkskundemuseum.at/i3f/v21/257642/full/304/0/default.jpg","@type":"dctypes:Image","format":"image/jpeg"},"logo":{"@id":"https://sammlung.volkskundemuseum.at/domainresource/static/graphics/connectors/viewerLogo.gif","service":{"profile":"http://iiif.io/api/image/2/level2.json","@context":"http://iiif.io/api/image/2/context.json","@id":""}},"@context":"http://iiif.io/api/presentation/2/context.json","seeAlso":{"format":"application/xml","@id":"https://sammlung.volkskundemuseum.at/oai?verb=GetRecord&metadataPrefix=mets&identifier=255113","label":"METS"},"@id":"https://sammlung.volkskundemuseum.at/i3f/v20/255113/manifest","@type":"sc:Manifest","metadata":[{"value":"Glasdiapositiv gerahmt, mit schwarzen Papierstreifen umklebt, Reproduktion eines Positivs aus dem Sammlungsbestand. Abgebildet ist eine Fraisenhaube mit aufgedruckten Kupferstichen, die den Heiligen Valentin zeigen.","label":"Beschreibung"},{"value":"Mitarbeiter:in des Museums","label":"Fotograf:in"},{"value":"Wien (Aufnahmeort)   ; [vor 1916?] (Aufnahmedatum)","label":"Entstehung"},{"value":"Glas, Fotografie ; Papierstreifen","label":"Material"},{"value":"Diapositivverfahren schwarz-wei\u00df","label":"Technik"},{"value":"Querformat","label":"Format"},{"value":"H: 8,5 cm B: 10,0 cm","label":"Abmessungen"},{"value":"Objekt","label":"Objekttyp"},{"value":"Glasdiapositiv, schwarz-wei\u00df","label":"Objektart"},{"value":"dia/97","label":"Inventarnummer"},{"value":"Sympathiemittel  / Volksmedizin","label":"Assoziation"},{"value":"[\u00d6MV/11312] - Fraisenhaube[dia/96] - Diapositiv: Fraisenhaube, Salzburg[dia/95] - Diapositiv: Fraisenhaube aus Seide, angeh\u00e4ngte Amulette \"f\u00fcr die Zukunft des Knaben\"","label":"\u00c4hnliche Objekte"},{"value":"recto: Ven. Caput S. A naftasy Mar. ord. Cag. / Das ist die L\u00e4nag des H. Vanlentin zu 29 mahl geme\u00dfen. /// Museum f\u00fcr Volkskunde, Wien \rverso: ZII6","label":"Inschrift / Aufschrift"},{"value":"Museumsaufnahme, selbst erstellt","label":"Erwerbungsart"}]}