{"viewingHint":"paged","service":[],"structures":[{"ranges":["https://sammlung.volkskundemuseum.at/i3f/v20/230122/range/231882","https://sammlung.volkskundemuseum.at/i3f/v20/230122/range/231883"],"viewingHint":"top","@id":"https://sammlung.volkskundemuseum.at/i3f/v20/230122/range/230122","@type":"sc:Range","label":"Table of Contents"},{"canvases":["https://sammlung.volkskundemuseum.at/i3f/v20/230122/canvas/233678"],"@id":"https://sammlung.volkskundemuseum.at/i3f/v20/230122/range/231882","@type":"sc:Range","label":"dig/23379: Volkskundemuseum Wien"},{"canvases":["https://sammlung.volkskundemuseum.at/i3f/v20/230122/canvas/233679"],"@id":"https://sammlung.volkskundemuseum.at/i3f/v20/230122/range/231883","@type":"sc:Range","label":"dig/23380: Volkskundemuseum Wien"}],"sequences":[{"canvases":[{"height":3217,"width":2074,"images":[{"resource":{"service":{"profile":"http://iiif.io/api/image/2/level2.json","@context":"http://iiif.io/api/image/2/context.json","@id":"https://sammlung.volkskundemuseum.at/i3f/v20/233678"},"format":"image/jpeg","height":1551,"width":1000,"@id":"https://sammlung.volkskundemuseum.at/download/webcache/1000/233678","@type":"dctypes:Image"},"on":"https://sammlung.volkskundemuseum.at/i3f/v20/230122/canvas/233678","motivation":"sc:painting","@id":"https://sammlung.volkskundemuseum.at/i3f/v20/230122/annotation/233678","@type":"oa:Annotation"}],"label":"[1]","@id":"https://sammlung.volkskundemuseum.at/i3f/v20/230122/canvas/233678","@type":"sc:Canvas"},{"height":3217,"width":2073,"images":[{"resource":{"service":{"profile":"http://iiif.io/api/image/2/level2.json","@context":"http://iiif.io/api/image/2/context.json","@id":"https://sammlung.volkskundemuseum.at/i3f/v20/233679"},"format":"image/jpeg","height":1551,"width":1000,"@id":"https://sammlung.volkskundemuseum.at/download/webcache/1000/233679","@type":"dctypes:Image"},"on":"https://sammlung.volkskundemuseum.at/i3f/v20/230122/canvas/233679","motivation":"sc:painting","@id":"https://sammlung.volkskundemuseum.at/i3f/v20/230122/annotation/233679","@type":"oa:Annotation"}],"label":"[2]","@id":"https://sammlung.volkskundemuseum.at/i3f/v20/230122/canvas/233679","@type":"sc:Canvas"}],"viewingHint":"paged","startCanvas":"https://sammlung.volkskundemuseum.at/i3f/v20/230122/canvas/233678","viewingDirection":"left-to-right","label":"Current Page Order","@context":"http://iiif.io/api/presentation/2/context.json","@id":"https://sammlung.volkskundemuseum.at/i3f/v20/230122/sequence/normal","@type":"sc:Sequence"}],"label":"A\u00d6MV/10114: Andachtsbild: Kremsm\u00fcnster, Stift Kremsm\u00fcnster (Ober\u00f6sterreich)","thumbnail":{"width":304,"height":471,"@id":"https://sammlung.volkskundemuseum.at/i3f/v21/233678/full/304/0/default.jpg","@type":"dctypes:Image","format":"image/jpeg"},"logo":{"@id":"https://sammlung.volkskundemuseum.at/domainresource/static/graphics/connectors/viewerLogo.gif","service":{"profile":"http://iiif.io/api/image/2/level2.json","@context":"http://iiif.io/api/image/2/context.json","@id":""}},"@context":"http://iiif.io/api/presentation/2/context.json","seeAlso":{"format":"application/xml","@id":"https://sammlung.volkskundemuseum.at/oai?verb=GetRecord&metadataPrefix=mets&identifier=230122","label":"METS"},"@id":"https://sammlung.volkskundemuseum.at/i3f/v20/230122/manifest","@type":"sc:Manifest","metadata":[{"value":"Gugitz, Gustav","label":"Collector"},{"value":"Schleich, Adrian","label":"Engraver"},{"value":"Nauer, A. (Joseph Andreas)","label":"Other"},{"value":"Benziger, Gebr. C. & N.","label":"Publisher"},{"value":"Einsiedeln (Verlagsort)   ; 1877","label":"Creation"},{"value":"Papier","label":"Material"},{"value":"Stahlstich","label":"Technique"},{"value":"H: 13,1 cm B: 8,1 cm","label":"Dimensions"},{"value":"Objekt","label":"Object Category"},{"value":"Andachtsbild, kleines  ; Jubil\u00e4um, Kremsm\u00fcnster","label":"Object Name"},{"value":"A\u00d6MV/10114","label":"Inventory number"},{"value":"Jubil\u00e4um, 1100 Jahre Stift Kremsm\u00fcnster","label":"Association"},{"value":"Andenken an die eilfhundertj\u00e4hrige Jubelfeier des Benediktinerstiftes Kremsm\u00fcnster gegr\u00fcndet im Jahre 777.","label":"Inscription"},{"value":"Ankauf","label":"Acquisition type"}]}