{"viewingHint":"paged","service":[],"structures":[{"ranges":["https://sammlung.volkskundemuseum.at/i3f/v20/229384/range/230519","https://sammlung.volkskundemuseum.at/i3f/v20/229384/range/230520"],"viewingHint":"top","@id":"https://sammlung.volkskundemuseum.at/i3f/v20/229384/range/229384","@type":"sc:Range","label":"Table of Contents"},{"canvases":["https://sammlung.volkskundemuseum.at/i3f/v20/229384/canvas/232492"],"@id":"https://sammlung.volkskundemuseum.at/i3f/v20/229384/range/230519","@type":"sc:Range","label":"dig/25857: Volkskundemuseum Wien"},{"canvases":["https://sammlung.volkskundemuseum.at/i3f/v20/229384/canvas/232493"],"@id":"https://sammlung.volkskundemuseum.at/i3f/v20/229384/range/230520","@type":"sc:Range","label":"dig/25858: Volkskundemuseum Wien"}],"sequences":[{"canvases":[{"height":5881,"width":3791,"images":[{"resource":{"service":{"profile":"http://iiif.io/api/image/2/level2.json","@context":"http://iiif.io/api/image/2/context.json","@id":"https://sammlung.volkskundemuseum.at/i3f/v20/232492"},"format":"image/jpeg","height":1551,"width":1000,"@id":"https://sammlung.volkskundemuseum.at/download/webcache/1000/232492","@type":"dctypes:Image"},"on":"https://sammlung.volkskundemuseum.at/i3f/v20/229384/canvas/232492","motivation":"sc:painting","@id":"https://sammlung.volkskundemuseum.at/i3f/v20/229384/annotation/232492","@type":"oa:Annotation"}],"label":"[1]","@id":"https://sammlung.volkskundemuseum.at/i3f/v20/229384/canvas/232492","@type":"sc:Canvas"},{"height":5880,"width":3809,"images":[{"resource":{"service":{"profile":"http://iiif.io/api/image/2/level2.json","@context":"http://iiif.io/api/image/2/context.json","@id":"https://sammlung.volkskundemuseum.at/i3f/v20/232493"},"format":"image/jpeg","height":1543,"width":1000,"@id":"https://sammlung.volkskundemuseum.at/download/webcache/1000/232493","@type":"dctypes:Image"},"on":"https://sammlung.volkskundemuseum.at/i3f/v20/229384/canvas/232493","motivation":"sc:painting","@id":"https://sammlung.volkskundemuseum.at/i3f/v20/229384/annotation/232493","@type":"oa:Annotation"}],"label":"[2]","@id":"https://sammlung.volkskundemuseum.at/i3f/v20/229384/canvas/232493","@type":"sc:Canvas"}],"viewingHint":"paged","startCanvas":"https://sammlung.volkskundemuseum.at/i3f/v20/229384/canvas/232492","viewingDirection":"left-to-right","label":"Current Page Order","@context":"http://iiif.io/api/presentation/2/context.json","@id":"https://sammlung.volkskundemuseum.at/i3f/v20/229384/sequence/normal","@type":"sc:Sequence"}],"label":"A\u00d6MV/9369: Andachtsbild: Eben am Achensee (Tirol)","thumbnail":{"width":304,"height":471,"@id":"https://sammlung.volkskundemuseum.at/i3f/v21/232492/full/304/0/default.jpg","@type":"dctypes:Image","format":"image/jpeg"},"logo":{"@id":"https://sammlung.volkskundemuseum.at/domainresource/static/graphics/connectors/viewerLogo.gif","service":{"profile":"http://iiif.io/api/image/2/level2.json","@context":"http://iiif.io/api/image/2/context.json","@id":""}},"@context":"http://iiif.io/api/presentation/2/context.json","seeAlso":{"format":"application/xml","@id":"https://sammlung.volkskundemuseum.at/oai?verb=GetRecord&metadataPrefix=mets&identifier=229384","label":"METS"},"@id":"https://sammlung.volkskundemuseum.at/i3f/v20/229384/manifest","@type":"sc:Manifest","metadata":[{"value":"Gugitz, Gustav","label":"Sammler:in"},{"value":"Heissig, Franz Carl","label":"Stecher:in"},{"value":"Heissig, Franz Carl","label":"Verlag"},{"value":"Augsburg (Druckort)   ; Augsburg (Verlagsort)   ; 2. H\u00e4lfte 18. Jh.","label":"Entstehung"},{"value":"Papier ; Buchseite","label":"Material"},{"value":"Kupferstich und Radierung","label":"Technik"},{"value":"H: 18 cm B: 11,3 cm Platte: H: 13,3 cm B: 8,4 cm","label":"Abmessungen"},{"value":"Objekt","label":"Objekttyp"},{"value":"Andachtsbild, kleines","label":"Objektart"},{"value":"A\u00d6MV/9369","label":"Inventarnummer"},{"value":"[A\u00d6MV/9372] - Andachtsbild: Eben am Achensee (Tirol)","label":"\u00c4hnliche Objekte"},{"value":"Ankauf","label":"Erwerbungsart"}]}