{"viewingHint":"paged","service":[],"structures":[{"ranges":["https://sammlung.volkskundemuseum.at/i3f/v20/229076/range/229076"],"viewingHint":"top","@id":"https://sammlung.volkskundemuseum.at/i3f/v20/229076/range/229068","@type":"sc:Range","label":"Table of Contents"},{"canvases":["https://sammlung.volkskundemuseum.at/i3f/v20/229076/canvas/229107"],"ranges":["https://sammlung.volkskundemuseum.at/i3f/v20/229076/range/229091"],"@id":"https://sammlung.volkskundemuseum.at/i3f/v20/229076/range/229076","@type":"sc:Range","label":"pos/105/008: Positiv: Ausstellungspavillon f\u00fcr Textilarbeiten, Handarbeiten und Gem\u00e4lde, Galizische Landesausstellung 1877, Lemberg"},{"canvases":["https://sammlung.volkskundemuseum.at/i3f/v20/229076/canvas/229107"],"@id":"https://sammlung.volkskundemuseum.at/i3f/v20/229076/range/229091","@type":"sc:Range","label":"dig/29171: pos/105/008: Positiv: Ausstellungspavillon f\u00fcr Textilarbeiten, Handarbeiten und Gem\u00e4lde, Galizische Landesausstellung 1877, Lemberg"}],"sequences":[{"canvases":[{"height":8001,"width":10335,"images":[{"resource":{"service":{"profile":"http://iiif.io/api/image/2/level2.json","@context":"http://iiif.io/api/image/2/context.json","@id":"https://sammlung.volkskundemuseum.at/i3f/v20/229107"},"format":"image/jpeg","height":774,"width":1000,"@id":"https://sammlung.volkskundemuseum.at/download/webcache/1000/229107","@type":"dctypes:Image"},"on":"https://sammlung.volkskundemuseum.at/i3f/v20/229076/canvas/229107","motivation":"sc:painting","@id":"https://sammlung.volkskundemuseum.at/i3f/v20/229076/annotation/229107","@type":"oa:Annotation"}],"label":"[1]","@id":"https://sammlung.volkskundemuseum.at/i3f/v20/229076/canvas/229107","@type":"sc:Canvas"}],"viewingHint":"paged","startCanvas":"https://sammlung.volkskundemuseum.at/i3f/v20/229076/canvas/229107","viewingDirection":"left-to-right","label":"Current Page Order","@context":"http://iiif.io/api/presentation/2/context.json","@id":"https://sammlung.volkskundemuseum.at/i3f/v20/229076/sequence/normal","@type":"sc:Sequence"}],"label":"pos/105/000: Album: Mappe mit zehn Positiven, Galizische Landesausstellung 1877, Lemberg: pos/105/008: Positiv: Ausstellungspavillon f\u00fcr Textilarbeiten, Handarbeiten und Gem\u00e4lde, Galizische Landesausstellung 1877, Lemberg","thumbnail":{"width":304,"height":235,"@id":"https://sammlung.volkskundemuseum.at/i3f/v21/229107/full/304/0/default.jpg","@type":"dctypes:Image","format":"image/jpeg"},"logo":{"@id":"https://sammlung.volkskundemuseum.at/domainresource/static/graphics/connectors/viewerLogo.gif","service":{"profile":"http://iiif.io/api/image/2/level2.json","@context":"http://iiif.io/api/image/2/context.json","@id":""}},"@context":"http://iiif.io/api/presentation/2/context.json","seeAlso":{"format":"application/xml","@id":"https://sammlung.volkskundemuseum.at/oai?verb=GetRecord&metadataPrefix=mets&identifier=229076","label":"METS"},"@id":"https://sammlung.volkskundemuseum.at/i3f/v20/229076/manifest","@type":"sc:Manifest","metadata":[{"value":"Album: Mappe mit zehn Positiven, Galizische Landesausstellung 1877, Lemberg","label":"Gesamttitel"},{"value":"Fotografie von der Galizischen Landesausstellung 1877 in Lemberg: Im Pavillon \"f\u00fcr weibliche Arbeiten\" (laut Recherche). Im Hintergrund ist ein Schild des Ausstellers Kamil Strzyzowski und eine Vitrine mit der Aufschrift des Krankenhaus der Hl. Theresa zu erkennen. Im Vordergrund wird auf einem Schild gebeten, die Ausstellungsst\u00fccke nicht zu ber\u00fchren.","label":"Beschreibung"},{"value":"Trzemeski, Edward","label":"Fotograf:in"},{"value":"Exner, Wilhelm Franz","label":"Vorbesitzer:in"},{"value":"Lviv (Aufnahmeort)   ; Galizien (Aufnahmeort)   ; 1877 (Aufnahmedatum, datiert)","label":"Entstehung"},{"value":"[pos/105/000] - Album: Mappe mit zehn Positiven, Galizische Landesausstellung 1877, Lemberg","label":"Teil von"},{"value":"Papier, Fotografie","label":"Material"},{"value":"Albuminabzug","label":"Technik"},{"value":"Querformat ; Gro\u00dfformat","label":"Format"},{"value":"Foto: H: 21 cm B: 25,5 cm Passepartout: H: 31,5 cm B: 41 cm","label":"Abmessungen"},{"value":"Objekt","label":"Objekttyp"},{"value":"Positiv, schwarz-wei\u00df auf Untersatzkarton","label":"Objektart"},{"value":"Informationen zur Aufnahme des Objektes finden sich im Anzeiger des Vereines f\u00fcr \u00f6sterreichische Volkskunde:\ro.A.: Erwerbungen im Jahre 1896. b) Photographien. In: Anzeiger des Vereines f\u00fcr \u00f6sterreichische Volkskunde 1/H. 2/1896, S. 7: Album der Lemberger Ausstellung (10 Bl\u00e4tter, Folio). Geschenk des Hofrathes Dr. W. Exner.","label":"Dokumentation"},{"value":"pos/105/008","label":"Inventarnummer"},{"value":"Industrie   / Handwerk","label":"Assoziation"},{"value":"Galizische Landesausstellung 1877 in Lemberg","label":"Abgebildetes Ereignis"},{"value":"Wystawa Krajowa we Lwowie r 1877. // Fotografowa\u0142 E. Trzemeski Lw\u00f3w Na\u015bladownictwo Zastrze\u017cone [\u00dcbersetzung aus dem Polnischen: Nationale Ausstellung in Lemberg 1877. Fotograf E. Trzemeski Lw\u00f3w Nachahmung vorbehalten","label":"Inschrift / Aufschrift"},{"value":"Schenkung","label":"Erwerbungsart"}]}