{"viewingHint":"paged","service":[],"structures":[{"ranges":["https://sammlung.volkskundemuseum.at/i3f/v20/226579/range/226641","https://sammlung.volkskundemuseum.at/i3f/v20/226579/range/266317"],"viewingHint":"top","@id":"https://sammlung.volkskundemuseum.at/i3f/v20/226579/range/226579","@type":"sc:Range","label":"Table of Contents"},{"canvases":["https://sammlung.volkskundemuseum.at/i3f/v20/226579/canvas/226703"],"@id":"https://sammlung.volkskundemuseum.at/i3f/v20/226579/range/226641","@type":"sc:Range","label":"dig/38146: Volkskundemuseum Wien / Foto: Christa Knott"},{"canvases":["https://sammlung.volkskundemuseum.at/i3f/v20/226579/canvas/266340"],"@id":"https://sammlung.volkskundemuseum.at/i3f/v20/226579/range/266317","@type":"sc:Range","label":"dig/38929: Volkskundemuseum Wien / Foto: Christa Knott"}],"sequences":[{"canvases":[{"height":8544,"width":3935,"images":[{"resource":{"service":{"profile":"http://iiif.io/api/image/2/level2.json","@context":"http://iiif.io/api/image/2/context.json","@id":"https://sammlung.volkskundemuseum.at/i3f/v20/226703"},"format":"image/jpeg","height":2171,"width":1000,"@id":"https://sammlung.volkskundemuseum.at/download/webcache/1000/226703","@type":"dctypes:Image"},"on":"https://sammlung.volkskundemuseum.at/i3f/v20/226579/canvas/226703","motivation":"sc:painting","@id":"https://sammlung.volkskundemuseum.at/i3f/v20/226579/annotation/226703","@type":"oa:Annotation"}],"label":"[1]","@id":"https://sammlung.volkskundemuseum.at/i3f/v20/226579/canvas/226703","@type":"sc:Canvas"},{"height":1467,"width":2551,"images":[{"resource":{"service":{"profile":"http://iiif.io/api/image/2/level2.json","@context":"http://iiif.io/api/image/2/context.json","@id":"https://sammlung.volkskundemuseum.at/i3f/v20/266340"},"format":"image/jpeg","height":575,"width":1000,"@id":"https://sammlung.volkskundemuseum.at/download/webcache/1000/266340","@type":"dctypes:Image"},"on":"https://sammlung.volkskundemuseum.at/i3f/v20/226579/canvas/266340","motivation":"sc:painting","@id":"https://sammlung.volkskundemuseum.at/i3f/v20/226579/annotation/266340","@type":"oa:Annotation"}],"label":"[2]","@id":"https://sammlung.volkskundemuseum.at/i3f/v20/226579/canvas/266340","@type":"sc:Canvas"}],"viewingHint":"paged","startCanvas":"https://sammlung.volkskundemuseum.at/i3f/v20/226579/canvas/226703","viewingDirection":"left-to-right","label":"Current Page Order","@context":"http://iiif.io/api/presentation/2/context.json","@id":"https://sammlung.volkskundemuseum.at/i3f/v20/226579/sequence/normal","@type":"sc:Sequence"}],"label":"\u00d6MV/83159: Figur: Frau mit Schirm unter dem Arm","thumbnail":{"width":304,"height":660,"@id":"https://sammlung.volkskundemuseum.at/i3f/v21/226703/full/304/0/default.jpg","@type":"dctypes:Image","format":"image/jpeg"},"logo":{"@id":"https://sammlung.volkskundemuseum.at/domainresource/static/graphics/connectors/viewerLogo.gif","service":{"profile":"http://iiif.io/api/image/2/level2.json","@context":"http://iiif.io/api/image/2/context.json","@id":""}},"@context":"http://iiif.io/api/presentation/2/context.json","seeAlso":{"format":"application/xml","@id":"https://sammlung.volkskundemuseum.at/oai?verb=GetRecord&metadataPrefix=mets&identifier=226579","label":"METS"},"@id":"https://sammlung.volkskundemuseum.at/i3f/v20/226579/manifest","@type":"sc:Manifest","metadata":[{"value":"Vollplastische Figur einer schreitenden Frau in Tracht, innen hohl, ohne Bodenplatte. Frau mit einer aus einem schwarzen Kopftuch gebundenen Fl\u00fcgelhaube rafft mit der linken Hand ihren langen schwarzen Rock hoch, unter dem rechten Arm tr\u00e4gt sie einen Schirm. \rRoter Scherben, farbige ineinander verlaufende gl\u00e4nzende Glasuren, kalt bemalt.\rBodenmarken: Firmenmarke PR, eingeritzte Initiale S und Modellnummer 10.","label":"Beschreibung"},{"value":"Tamme, Elfriede","label":"Sammler:in"},{"value":"Tamme, Paul","label":"Sammler:in"},{"value":"Weinzinger, Otto Maria","label":"Verlagsauslieferung / Vertrieb"},{"value":"Prinzess-Keramik","label":"Hersteller:in"},{"value":"Reisinger, Hertha","label":"Hersteller:in"},{"value":"Wien 9. (Herstellungsort)   ; Ro\u00dfauer L\u00e4nde 45 / Stroheckgasse 14-16 (Herstellungsort)  ; [1947-1953?]","label":"Entstehung"},{"value":"Irdenware","label":"Material"},{"value":"gegossen (Keramik) ; gebrannt, Rohbrand (Keramik) ; glasiert, farbig (Keramik) ; gebrannt, Glasurbrand (Keramik) ; kalt bemalt (Keramik)","label":"Technik"},{"value":"H: 24 cm B max.: 12 cm B Boden max.: 8 cm","label":"Abmessungen"},{"value":"Objekt","label":"Objekttyp"},{"value":"Skulptur und Plastik, profan  ; Skulptur und Plastik, figural  ; Ziergegenstand","label":"Objektart"},{"value":"Brunn, Katja: Von Linz nach Wien und in die gro\u00dfe weite Welt. Hertha Reisinger und die Prinzess-Keramik. Eine Objektrecherche. In: \u00d6sterreichische Zeitschrift f\u00fcr Volkskunde N.S. 78/2024, S. 261-279.","label":"Weiterf\u00fchrende Informationen"},{"value":"\u00d6MV/83159","label":"Inventarnummer"},{"value":"NS-Sch\u00f6nheitsideal","label":"Assoziation"},{"value":"Ankauf","label":"Erwerbungsart"}]}