{"viewingHint":"paged","service":[],"structures":[{"ranges":["https://sammlung.volkskundemuseum.at/i3f/v20/226571/range/226633","https://sammlung.volkskundemuseum.at/i3f/v20/226571/range/266304"],"viewingHint":"top","@id":"https://sammlung.volkskundemuseum.at/i3f/v20/226571/range/226571","@type":"sc:Range","label":"Table of Contents"},{"canvases":["https://sammlung.volkskundemuseum.at/i3f/v20/226571/canvas/226695"],"@id":"https://sammlung.volkskundemuseum.at/i3f/v20/226571/range/226633","@type":"sc:Range","label":"dig/38139: Volkskundemuseum Wien / Foto: Christa Knott"},{"canvases":["https://sammlung.volkskundemuseum.at/i3f/v20/226571/canvas/266338"],"@id":"https://sammlung.volkskundemuseum.at/i3f/v20/226571/range/266304","@type":"sc:Range","label":"dig/38926: Volkskundemuseum Wien / Foto: Christa Knott"}],"sequences":[{"canvases":[{"height":9985,"width":4115,"images":[{"resource":{"service":{"profile":"http://iiif.io/api/image/2/level2.json","@context":"http://iiif.io/api/image/2/context.json","@id":"https://sammlung.volkskundemuseum.at/i3f/v20/226695"},"format":"image/jpeg","height":2426,"width":1000,"@id":"https://sammlung.volkskundemuseum.at/download/webcache/1000/226695","@type":"dctypes:Image"},"on":"https://sammlung.volkskundemuseum.at/i3f/v20/226571/canvas/226695","motivation":"sc:painting","@id":"https://sammlung.volkskundemuseum.at/i3f/v20/226571/annotation/226695","@type":"oa:Annotation"}],"label":"[1]","@id":"https://sammlung.volkskundemuseum.at/i3f/v20/226571/canvas/226695","@type":"sc:Canvas"},{"height":6007,"width":6248,"images":[{"resource":{"service":{"profile":"http://iiif.io/api/image/2/level2.json","@context":"http://iiif.io/api/image/2/context.json","@id":"https://sammlung.volkskundemuseum.at/i3f/v20/266338"},"format":"image/jpeg","height":961,"width":1000,"@id":"https://sammlung.volkskundemuseum.at/download/webcache/1000/266338","@type":"dctypes:Image"},"on":"https://sammlung.volkskundemuseum.at/i3f/v20/226571/canvas/266338","motivation":"sc:painting","@id":"https://sammlung.volkskundemuseum.at/i3f/v20/226571/annotation/266338","@type":"oa:Annotation"}],"label":"[2]","@id":"https://sammlung.volkskundemuseum.at/i3f/v20/226571/canvas/266338","@type":"sc:Canvas"}],"viewingHint":"paged","startCanvas":"https://sammlung.volkskundemuseum.at/i3f/v20/226571/canvas/226695","viewingDirection":"left-to-right","label":"Current Page Order","@context":"http://iiif.io/api/presentation/2/context.json","@id":"https://sammlung.volkskundemuseum.at/i3f/v20/226571/sequence/normal","@type":"sc:Sequence"}],"label":"\u00d6MV/83149: Figur: Frau in Tracht mit Blumenkorb und Blumenstrau\u00df","thumbnail":{"width":304,"height":737,"@id":"https://sammlung.volkskundemuseum.at/i3f/v21/226695/full/304/0/default.jpg","@type":"dctypes:Image","format":"image/jpeg"},"logo":{"@id":"https://sammlung.volkskundemuseum.at/domainresource/static/graphics/connectors/viewerLogo.gif","service":{"profile":"http://iiif.io/api/image/2/level2.json","@context":"http://iiif.io/api/image/2/context.json","@id":""}},"@context":"http://iiif.io/api/presentation/2/context.json","seeAlso":{"format":"application/xml","@id":"https://sammlung.volkskundemuseum.at/oai?verb=GetRecord&metadataPrefix=mets&identifier=226571","label":"METS"},"@id":"https://sammlung.volkskundemuseum.at/i3f/v20/226571/manifest","@type":"sc:Manifest","metadata":[{"value":"Figur einer stehenden weiblichen Person auf grasgr\u00fcnem hohen Sockel. Blonde Frau mit Halstuch und Hut, sie tr\u00e4gt ein dunkles wadenlanges Kleid mit heller Sch\u00fcrze, wei\u00dfe Str\u00fcmpfe und hochgeschn\u00fcrte Schuhe. In den Armen h\u00e4lt sie einen Korb voll Blumen und einen Blumenstrau\u00df. \rRoter Scherben, stark gl\u00e4nzende farbige Glasuren, kalt bemalt. \rBodenmarken: Firmenmarke PR, HANDMADE IN AUSTRIA, Modellnummer 25 und eingeritzte Initialen hr.","label":"Beschreibung"},{"value":"Reisinger, Hertha","label":"K\u00fcnstler:in / K\u00fcnstlergruppe / Grafiker:in"},{"value":"Tamme, Elfriede","label":"Sammler:in"},{"value":"Tamme, Paul","label":"Sammler:in"},{"value":"Weinzinger, Otto Maria","label":"Verlagsauslieferung / Vertrieb"},{"value":"Prinzess-Keramik","label":"Hersteller:in"},{"value":"Reisinger, Hertha","label":"Hersteller:in"},{"value":"Wien 9. (Herstellungsort)   ; Ro\u00dfauer L\u00e4nde 45 / Stroheckgasse 14-16 (Herstellungsort)  ; [1947-1953?]","label":"Entstehung"},{"value":"Irdenware","label":"Material"},{"value":"gegossen (Keramik) ; gebrannt, Rohbrand (Keramik) ; glasiert, farbig (Keramik) ; bemalt (Keramik) ; gebrannt, Glasurbrand (Keramik) ; kalt bemalt (Keramik)","label":"Technik"},{"value":"H: 28 cm B max.: 11,5 cm D Boden: 7,7 cm","label":"Abmessungen"},{"value":"Objekt","label":"Objekttyp"},{"value":"Skulptur und Plastik, profan  ; Skulptur und Plastik, figural  ; Ziergegenstand","label":"Objektart"},{"value":"Brunn, Katja: Von Linz nach Wien und in die gro\u00dfe weite Welt. Hertha Reisinger und die Prinzess-Keramik. Eine Objektrecherche. In: \u00d6sterreichische Zeitschrift f\u00fcr Volkskunde N.S. 78/2024, S. 261-279.","label":"Weiterf\u00fchrende Informationen"},{"value":"\u00d6MV/83149","label":"Inventarnummer"},{"value":"NS-Sch\u00f6nheitsideal","label":"Assoziation"},{"value":"Ankauf","label":"Erwerbungsart"}]}