{"viewingHint":"paged","service":[],"structures":[{"ranges":["https://sammlung.volkskundemuseum.at/i3f/v20/226563/range/226625"],"viewingHint":"top","@id":"https://sammlung.volkskundemuseum.at/i3f/v20/226563/range/226563","@type":"sc:Range","label":"Table of Contents"},{"canvases":["https://sammlung.volkskundemuseum.at/i3f/v20/226563/canvas/226687"],"@id":"https://sammlung.volkskundemuseum.at/i3f/v20/226563/range/226625","@type":"sc:Range","label":"dig/38132: Volkskundemuseum Wien / Foto: Christa Knott"}],"sequences":[{"canvases":[{"height":9312,"width":3591,"images":[{"resource":{"service":{"profile":"http://iiif.io/api/image/2/level2.json","@context":"http://iiif.io/api/image/2/context.json","@id":"https://sammlung.volkskundemuseum.at/i3f/v20/226687"},"format":"image/jpeg","height":2593,"width":1000,"@id":"https://sammlung.volkskundemuseum.at/download/webcache/1000/226687","@type":"dctypes:Image"},"on":"https://sammlung.volkskundemuseum.at/i3f/v20/226563/canvas/226687","motivation":"sc:painting","@id":"https://sammlung.volkskundemuseum.at/i3f/v20/226563/annotation/226687","@type":"oa:Annotation"}],"label":"[1]","@id":"https://sammlung.volkskundemuseum.at/i3f/v20/226563/canvas/226687","@type":"sc:Canvas"}],"viewingHint":"paged","startCanvas":"https://sammlung.volkskundemuseum.at/i3f/v20/226563/canvas/226687","viewingDirection":"left-to-right","label":"Current Page Order","@context":"http://iiif.io/api/presentation/2/context.json","@id":"https://sammlung.volkskundemuseum.at/i3f/v20/226563/sequence/normal","@type":"sc:Sequence"}],"label":"\u00d6MV/83141: Figur: Frau in Tracht","thumbnail":{"width":304,"height":788,"@id":"https://sammlung.volkskundemuseum.at/i3f/v21/226687/full/304/0/default.jpg","@type":"dctypes:Image","format":"image/jpeg"},"logo":{"@id":"https://sammlung.volkskundemuseum.at/domainresource/static/graphics/connectors/viewerLogo.gif","service":{"profile":"http://iiif.io/api/image/2/level2.json","@context":"http://iiif.io/api/image/2/context.json","@id":""}},"@context":"http://iiif.io/api/presentation/2/context.json","seeAlso":{"format":"application/xml","@id":"https://sammlung.volkskundemuseum.at/oai?verb=GetRecord&metadataPrefix=mets&identifier=226563","label":"METS"},"@id":"https://sammlung.volkskundemuseum.at/i3f/v20/226563/manifest","@type":"sc:Manifest","metadata":[{"value":"Vollplastische Figur einer Frau in festlicher Tracht. Sie tr\u00e4gt ein bodenlanges schwarzes Kleid mit gr\u00fcn gemusterter Sch\u00fcrze, ein Miederleibl mit wei\u00dfer Bluse, einen Hut auf dem Kopf. Die Figur steht auf einer geschlossenen gr\u00fcn glasierten Bodenplatte. \rRoter Scherben, gl\u00e4nzende farbige Glasuren, darauf Kaltbemalung. \rBodenmarken: Firmenmarke PR, HANDMADE IN AUSTRIA und Modellnummer 74.","label":"Beschreibung"},{"value":"Tamme, Elfriede","label":"Sammler:in"},{"value":"Tamme, Paul","label":"Sammler:in"},{"value":"Weinzinger, Otto Maria","label":"Verlagsauslieferung / Vertrieb"},{"value":"Prinzess-Keramik","label":"Hersteller:in"},{"value":"Reisinger, Hertha","label":"Hersteller:in"},{"value":"Wien 9. (Herstellungsort)   ; Ro\u00dfauer L\u00e4nde 45 / Stroheckgasse 14-16 (Herstellungsort)  ; [1947-1953?]","label":"Entstehung"},{"value":"Irdenware","label":"Material"},{"value":"gegossen (Keramik) ; gebrannt, Rohbrand (Keramik) ; glasiert, farbig (Keramik) ; bemalt (Keramik) ; gebrannt, Glasurbrand (Keramik) ; kalt bemalt (Keramik)","label":"Technik"},{"value":"H: 34 cm B max.: 12 cm D Boden: 12 cm","label":"Abmessungen"},{"value":"Objekt","label":"Objekttyp"},{"value":"Skulptur und Plastik, profan  ; Skulptur und Plastik, figural  ; Ziergegenstand","label":"Objektart"},{"value":"Brunn, Katja: Von Linz nach Wien und in die gro\u00dfe weite Welt. Hertha Reisinger und die Prinzess-Keramik. Eine Objektrecherche. In: \u00d6sterreichische Zeitschrift f\u00fcr Volkskunde N.S. 78/2024, S. 261-279.","label":"Weiterf\u00fchrende Informationen"},{"value":"\u00d6MV/83141","label":"Inventarnummer"},{"value":"NS-Sch\u00f6nheitsideal","label":"Assoziation"},{"value":"Ankauf","label":"Erwerbungsart"}]}