{"viewingHint":"paged","service":[],"structures":[{"ranges":["https://sammlung.volkskundemuseum.at/i3f/v20/216234/range/217818","https://sammlung.volkskundemuseum.at/i3f/v20/216234/range/217819"],"viewingHint":"top","@id":"https://sammlung.volkskundemuseum.at/i3f/v20/216234/range/216234","@type":"sc:Range","label":"Table of Contents"},{"canvases":["https://sammlung.volkskundemuseum.at/i3f/v20/216234/canvas/219269"],"@id":"https://sammlung.volkskundemuseum.at/i3f/v20/216234/range/217818","@type":"sc:Range","label":"dig/19427: Volkskundemuseum Wien"},{"canvases":["https://sammlung.volkskundemuseum.at/i3f/v20/216234/canvas/219270"],"@id":"https://sammlung.volkskundemuseum.at/i3f/v20/216234/range/217819","@type":"sc:Range","label":"dig/19428: Volkskundemuseum Wien"}],"sequences":[{"canvases":[{"height":2850,"width":3707,"images":[{"resource":{"service":{"profile":"http://iiif.io/api/image/2/level2.json","@context":"http://iiif.io/api/image/2/context.json","@id":"https://sammlung.volkskundemuseum.at/i3f/v20/219269"},"format":"image/jpeg","height":768,"width":1000,"@id":"https://sammlung.volkskundemuseum.at/download/webcache/1000/219269","@type":"dctypes:Image"},"on":"https://sammlung.volkskundemuseum.at/i3f/v20/216234/canvas/219269","motivation":"sc:painting","@id":"https://sammlung.volkskundemuseum.at/i3f/v20/216234/annotation/219269","@type":"oa:Annotation"}],"label":"[1]","@id":"https://sammlung.volkskundemuseum.at/i3f/v20/216234/canvas/219269","@type":"sc:Canvas"},{"height":3591,"width":2555,"images":[{"resource":{"service":{"profile":"http://iiif.io/api/image/2/level2.json","@context":"http://iiif.io/api/image/2/context.json","@id":"https://sammlung.volkskundemuseum.at/i3f/v20/219270"},"format":"image/jpeg","height":1405,"width":1000,"@id":"https://sammlung.volkskundemuseum.at/download/webcache/1000/219270","@type":"dctypes:Image"},"on":"https://sammlung.volkskundemuseum.at/i3f/v20/216234/canvas/219270","motivation":"sc:painting","@id":"https://sammlung.volkskundemuseum.at/i3f/v20/216234/annotation/219270","@type":"oa:Annotation"}],"label":"[2]","@id":"https://sammlung.volkskundemuseum.at/i3f/v20/216234/canvas/219270","@type":"sc:Canvas"}],"viewingHint":"paged","startCanvas":"https://sammlung.volkskundemuseum.at/i3f/v20/216234/canvas/219269","viewingDirection":"left-to-right","label":"Current Page Order","@context":"http://iiif.io/api/presentation/2/context.json","@id":"https://sammlung.volkskundemuseum.at/i3f/v20/216234/sequence/normal","@type":"sc:Sequence"}],"label":"pos/794: Positiv: Tschatesch, Krain","thumbnail":{"width":304,"height":233,"@id":"https://sammlung.volkskundemuseum.at/i3f/v21/219269/full/304/0/default.jpg","@type":"dctypes:Image","format":"image/jpeg"},"logo":{"@id":"https://sammlung.volkskundemuseum.at/domainresource/static/graphics/connectors/viewerLogo.gif","service":{"profile":"http://iiif.io/api/image/2/level2.json","@context":"http://iiif.io/api/image/2/context.json","@id":""}},"@context":"http://iiif.io/api/presentation/2/context.json","seeAlso":{"format":"application/xml","@id":"https://sammlung.volkskundemuseum.at/oai?verb=GetRecord&metadataPrefix=mets&identifier=216234","label":"METS"},"@id":"https://sammlung.volkskundemuseum.at/i3f/v20/216234/manifest","@type":"sc:Manifest","metadata":[{"value":"Positiv s/w auf Archivkarton: \rAufnahme des Ortes Tschatesch in Krain (Heute Slowenien) aus der Entfernung. Mehr Informationen zur Wallfahrt in Krain/Slowenien siehe: \u00d6sterreichische Zeitschrift f\u00fcr Volkskunde 1903, Slowenische Wallfahrt in Unterkrain, Zaplas, S. 59-63.\rDas Positiv ist mit mehreren Anmerkungen (Bleistift) und Einkastungen versehen. Vermutlich Retusche-Anweisungen f\u00fcr Publikationen.","label":"Beschreibung"},{"value":"unbekannt","label":"Fotograf:in"},{"value":"\u010cate\u017e ob Save (Aufnahmeort)  ; Krain (Aufnahmeort)   ; Slowenien (Aufnahmeort)   ; 22.08.1902 (Aufnahmedatum, datiert)","label":"Entstehung"},{"value":"Papier, Fotografie","label":"Material"},{"value":"Albuminabzug","label":"Technik"},{"value":"Querformat","label":"Format"},{"value":"Foto: H: 7 cm B: 10,5 cm Untersatzkarton: H: 11,5 cm B: 15 cm Archivkarton A4","label":"Abmessungen"},{"value":"Objekt","label":"Objekttyp"},{"value":"Positiv, schwarz-wei\u00df auf Untersatzkarton auf Archivkarton","label":"Objektart"},{"value":"pos/794","label":"Inventarnummer"},{"value":"Katholizismus   / Christentum   / Religion   / Glaube","label":"Assoziation"},{"value":"794. /// Tschatesch, im H\u00fcgelr\u00fccken Zaklas // 794 // 22.8.1902","label":"Inschrift / Aufschrift"},{"value":"Schenkung","label":"Erwerbungsart"}]}