{"viewingHint":"paged","service":[],"structures":[{"ranges":["https://sammlung.volkskundemuseum.at/i3f/v20/216210/range/217761","https://sammlung.volkskundemuseum.at/i3f/v20/216210/range/217762"],"viewingHint":"top","@id":"https://sammlung.volkskundemuseum.at/i3f/v20/216210/range/216210","@type":"sc:Range","label":"Table of Contents"},{"canvases":["https://sammlung.volkskundemuseum.at/i3f/v20/216210/canvas/219220"],"@id":"https://sammlung.volkskundemuseum.at/i3f/v20/216210/range/217761","@type":"sc:Range","label":"dig/19181: Volkskundemuseum Wien"},{"canvases":["https://sammlung.volkskundemuseum.at/i3f/v20/216210/canvas/219221"],"@id":"https://sammlung.volkskundemuseum.at/i3f/v20/216210/range/217762","@type":"sc:Range","label":"dig/19182: Volkskundemuseum Wien"}],"sequences":[{"canvases":[{"height":6023,"width":7661,"images":[{"resource":{"service":{"profile":"http://iiif.io/api/image/2/level2.json","@context":"http://iiif.io/api/image/2/context.json","@id":"https://sammlung.volkskundemuseum.at/i3f/v20/219220"},"format":"image/jpeg","height":786,"width":1000,"@id":"https://sammlung.volkskundemuseum.at/download/webcache/1000/219220","@type":"dctypes:Image"},"on":"https://sammlung.volkskundemuseum.at/i3f/v20/216210/canvas/219220","motivation":"sc:painting","@id":"https://sammlung.volkskundemuseum.at/i3f/v20/216210/annotation/219220","@type":"oa:Annotation"}],"label":"[1]","@id":"https://sammlung.volkskundemuseum.at/i3f/v20/216210/canvas/219220","@type":"sc:Canvas"},{"height":3011,"width":3831,"images":[{"resource":{"service":{"profile":"http://iiif.io/api/image/2/level2.json","@context":"http://iiif.io/api/image/2/context.json","@id":"https://sammlung.volkskundemuseum.at/i3f/v20/219221"},"format":"image/jpeg","height":785,"width":1000,"@id":"https://sammlung.volkskundemuseum.at/download/webcache/1000/219221","@type":"dctypes:Image"},"on":"https://sammlung.volkskundemuseum.at/i3f/v20/216210/canvas/219221","motivation":"sc:painting","@id":"https://sammlung.volkskundemuseum.at/i3f/v20/216210/annotation/219221","@type":"oa:Annotation"}],"label":"[2]","@id":"https://sammlung.volkskundemuseum.at/i3f/v20/216210/canvas/219221","@type":"sc:Canvas"}],"viewingHint":"paged","startCanvas":"https://sammlung.volkskundemuseum.at/i3f/v20/216210/canvas/219220","viewingDirection":"left-to-right","label":"Current Page Order","@context":"http://iiif.io/api/presentation/2/context.json","@id":"https://sammlung.volkskundemuseum.at/i3f/v20/216210/sequence/normal","@type":"sc:Sequence"}],"label":"pos/662: Positiv: Klausen, S\u00fcdtirol","thumbnail":{"width":304,"height":239,"@id":"https://sammlung.volkskundemuseum.at/i3f/v21/219220/full/304/0/default.jpg","@type":"dctypes:Image","format":"image/jpeg"},"logo":{"@id":"https://sammlung.volkskundemuseum.at/domainresource/static/graphics/connectors/viewerLogo.gif","service":{"profile":"http://iiif.io/api/image/2/level2.json","@context":"http://iiif.io/api/image/2/context.json","@id":""}},"@context":"http://iiif.io/api/presentation/2/context.json","seeAlso":{"format":"application/xml","@id":"https://sammlung.volkskundemuseum.at/oai?verb=GetRecord&metadataPrefix=mets&identifier=216210","label":"METS"},"@id":"https://sammlung.volkskundemuseum.at/i3f/v20/216210/manifest","@type":"sc:Manifest","metadata":[{"value":"Positiv, schwarz wei\u00df auf Untersatzkarton. \rAnsicht einer Dorfstra\u00dfe von Klausen mit engen Gassen, Ger\u00e4ten und L\u00fcftlmalerei.","label":"Beschreibung"},{"value":"Schmidt, Otto","label":"Fotograf:in"},{"value":"Schmidt, Otto","label":"Verlag"},{"value":"Klausen (Aufnahmeort)   ; Wien (Verlagsort)   ; [1895?] (Aufnahmedatum)","label":"Entstehung"},{"value":"Papier, Fotografie","label":"Material"},{"value":"Positivverfahren schwarz-wei\u00df auf Papier ; Gummidruck","label":"Technik"},{"value":"Querformat ; Gro\u00dfformat","label":"Format"},{"value":"Foto: H: 18,5 cm B: 23 cm Untersatzkarton: H: 25 cm B: 31,5 cm","label":"Abmessungen"},{"value":"Objekt","label":"Objekttyp"},{"value":"Positiv, schwarz-wei\u00df auf Untersatzkarton","label":"Objektart"},{"value":"o.A.: Mittheilungen aus dem Verein und dem Museum f\u00fcr \u00f6sterreichische Volkskunde. Photographien. In: Zeitschrift f\u00fcr \u00f6sterreichische Volkskunde 7/1901, S. 152.","label":"Weiterf\u00fchrende Informationen"},{"value":"pos/662","label":"Inventarnummer"},{"value":"659. Aus Klausen (S\u00fcd-Tirol) // 662","label":"Inschrift / Aufschrift"},{"value":"Ankauf","label":"Erwerbungsart"}]}