{"viewingHint":"paged","service":[],"structures":[{"ranges":["https://sammlung.volkskundemuseum.at/i3f/v20/216084/range/217461","https://sammlung.volkskundemuseum.at/i3f/v20/216084/range/217462"],"viewingHint":"top","@id":"https://sammlung.volkskundemuseum.at/i3f/v20/216084/range/216084","@type":"sc:Range","label":"Table of Contents"},{"canvases":["https://sammlung.volkskundemuseum.at/i3f/v20/216084/canvas/218975"],"@id":"https://sammlung.volkskundemuseum.at/i3f/v20/216084/range/217461","@type":"sc:Range","label":"dig/18904: Volkskundemuseum Wien"},{"canvases":["https://sammlung.volkskundemuseum.at/i3f/v20/216084/canvas/218976"],"@id":"https://sammlung.volkskundemuseum.at/i3f/v20/216084/range/217462","@type":"sc:Range","label":"dig/18905: Volkskundemuseum Wien"}],"sequences":[{"canvases":[{"height":6190,"width":4913,"images":[{"resource":{"service":{"profile":"http://iiif.io/api/image/2/level2.json","@context":"http://iiif.io/api/image/2/context.json","@id":"https://sammlung.volkskundemuseum.at/i3f/v20/218975"},"format":"image/jpeg","height":1259,"width":1000,"@id":"https://sammlung.volkskundemuseum.at/download/webcache/1000/218975","@type":"dctypes:Image"},"on":"https://sammlung.volkskundemuseum.at/i3f/v20/216084/canvas/218975","motivation":"sc:painting","@id":"https://sammlung.volkskundemuseum.at/i3f/v20/216084/annotation/218975","@type":"oa:Annotation"}],"label":"[1]","@id":"https://sammlung.volkskundemuseum.at/i3f/v20/216084/canvas/218975","@type":"sc:Canvas"},{"height":3071,"width":2457,"images":[{"resource":{"service":{"profile":"http://iiif.io/api/image/2/level2.json","@context":"http://iiif.io/api/image/2/context.json","@id":"https://sammlung.volkskundemuseum.at/i3f/v20/218976"},"format":"image/jpeg","height":1249,"width":1000,"@id":"https://sammlung.volkskundemuseum.at/download/webcache/1000/218976","@type":"dctypes:Image"},"on":"https://sammlung.volkskundemuseum.at/i3f/v20/216084/canvas/218976","motivation":"sc:painting","@id":"https://sammlung.volkskundemuseum.at/i3f/v20/216084/annotation/218976","@type":"oa:Annotation"}],"label":"[2]","@id":"https://sammlung.volkskundemuseum.at/i3f/v20/216084/canvas/218976","@type":"sc:Canvas"}],"viewingHint":"paged","startCanvas":"https://sammlung.volkskundemuseum.at/i3f/v20/216084/canvas/218975","viewingDirection":"left-to-right","label":"Current Page Order","@context":"http://iiif.io/api/presentation/2/context.json","@id":"https://sammlung.volkskundemuseum.at/i3f/v20/216084/sequence/normal","@type":"sc:Sequence"}],"label":"pos/501: Positiv: Flinserlzug in Bad Aussee, Steiermark","thumbnail":{"width":304,"height":383,"@id":"https://sammlung.volkskundemuseum.at/i3f/v21/218975/full/304/0/default.jpg","@type":"dctypes:Image","format":"image/jpeg"},"logo":{"@id":"https://sammlung.volkskundemuseum.at/domainresource/static/graphics/connectors/viewerLogo.gif","service":{"profile":"http://iiif.io/api/image/2/level2.json","@context":"http://iiif.io/api/image/2/context.json","@id":""}},"@context":"http://iiif.io/api/presentation/2/context.json","seeAlso":{"format":"application/xml","@id":"https://sammlung.volkskundemuseum.at/oai?verb=GetRecord&metadataPrefix=mets&identifier=216084","label":"METS"},"@id":"https://sammlung.volkskundemuseum.at/i3f/v20/216084/manifest","@type":"sc:Manifest","metadata":[{"value":"Positivverfahren auf Papier, Druck. Ein Faschingsumzug in Bad Aussee, der Steiermark. Traditionell ziehen die Ausseer Flinserl am Faschingsdienstag mit bis zu 30 Paaren in ihren farbenpr\u00e4chtigen Kost\u00fcmen durch den Ort. Seit mehr als 200 Jahren werden sie, anders als \u00fcblich bei alpenl\u00e4ndischen Faschingsbr\u00e4uchen, von Frauen und M\u00e4nnern gleicherma\u00dfen verk\u00f6rpert. Die Aufnahme erfolgte wohl im Gleichen Zeitraum wie pos/214, da die Fassade des rechten Hauses \u00e4hnlich gestaltet ist und Schnee liegt. Moser schoss die Aufnahme wohl aus seinem Atelier. 2016 wurde der Ausseer Fasching von der UNESCO in das Verzeichnis des Immateriellen Kulturerbes in \u00d6sterreich aufgenommen.","label":"Beschreibung"},{"value":"Moser, Michael","label":"Fotograf:in"},{"value":"Atelier Moser","label":"Fotograf:in"},{"value":"Moser, Michael","label":"Verlag"},{"value":"Bad Aussee (Aufnahmeort)   ; [1900?] (Aufnahmedatum)","label":"Entstehung"},{"value":"Papier, Fotografie","label":"Material"},{"value":"Positivverfahren schwarz-wei\u00df auf Papier","label":"Technik"},{"value":"Hochformat","label":"Format"},{"value":"Foto: H: 25 cm B: 20 cm Untersatzkarton: H: 25 cm B: 20 cm","label":"Abmessungen"},{"value":"Objekt","label":"Objekttyp"},{"value":"Positiv, schwarz-wei\u00df auf Untersatzkarton auf Archivkarton","label":"Objektart"},{"value":"pos/501","label":"Inventarnummer"},{"value":"[pos/214] - Positiv: Flinserlzug am Faschingsdienstag in Bad Aussee, Steiermark","label":"\u00c4hnliche Objekte"},{"value":"pos/501 // Flinserlmusik um 1900 \u00d6MVK 501 Aussee","label":"Inschrift / Aufschrift"},{"value":"Schenkung","label":"Erwerbungsart"}]}