{"viewingHint":"paged","service":[],"structures":[{"ranges":["https://sammlung.volkskundemuseum.at/i3f/v20/216032/range/217342","https://sammlung.volkskundemuseum.at/i3f/v20/216032/range/217343"],"viewingHint":"top","@id":"https://sammlung.volkskundemuseum.at/i3f/v20/216032/range/216032","@type":"sc:Range","label":"Table of Contents"},{"canvases":["https://sammlung.volkskundemuseum.at/i3f/v20/216032/canvas/218871"],"@id":"https://sammlung.volkskundemuseum.at/i3f/v20/216032/range/217342","@type":"sc:Range","label":"dig/18778: Volkskundemuseum Wien"},{"canvases":["https://sammlung.volkskundemuseum.at/i3f/v20/216032/canvas/218872"],"@id":"https://sammlung.volkskundemuseum.at/i3f/v20/216032/range/217343","@type":"sc:Range","label":"dig/18779: Volkskundemuseum Wien"}],"sequences":[{"canvases":[{"height":4024,"width":2685,"images":[{"resource":{"service":{"profile":"http://iiif.io/api/image/2/level2.json","@context":"http://iiif.io/api/image/2/context.json","@id":"https://sammlung.volkskundemuseum.at/i3f/v20/218871"},"format":"image/jpeg","height":1498,"width":1000,"@id":"https://sammlung.volkskundemuseum.at/download/webcache/1000/218871","@type":"dctypes:Image"},"on":"https://sammlung.volkskundemuseum.at/i3f/v20/216032/canvas/218871","motivation":"sc:painting","@id":"https://sammlung.volkskundemuseum.at/i3f/v20/216032/annotation/218871","@type":"oa:Annotation"}],"label":"[1]","@id":"https://sammlung.volkskundemuseum.at/i3f/v20/216032/canvas/218871","@type":"sc:Canvas"},{"height":3550,"width":2573,"images":[{"resource":{"service":{"profile":"http://iiif.io/api/image/2/level2.json","@context":"http://iiif.io/api/image/2/context.json","@id":"https://sammlung.volkskundemuseum.at/i3f/v20/218872"},"format":"image/jpeg","height":1379,"width":1000,"@id":"https://sammlung.volkskundemuseum.at/download/webcache/1000/218872","@type":"dctypes:Image"},"on":"https://sammlung.volkskundemuseum.at/i3f/v20/216032/canvas/218872","motivation":"sc:painting","@id":"https://sammlung.volkskundemuseum.at/i3f/v20/216032/annotation/218872","@type":"oa:Annotation"}],"label":"[2]","@id":"https://sammlung.volkskundemuseum.at/i3f/v20/216032/canvas/218872","@type":"sc:Canvas"}],"viewingHint":"paged","startCanvas":"https://sammlung.volkskundemuseum.at/i3f/v20/216032/canvas/218871","viewingDirection":"left-to-right","label":"Current Page Order","@context":"http://iiif.io/api/presentation/2/context.json","@id":"https://sammlung.volkskundemuseum.at/i3f/v20/216032/sequence/normal","@type":"sc:Sequence"}],"label":"pos/441: Positiv: Frau aus Bischofswarth bei Feldberg, Nieder\u00f6sterreich","thumbnail":{"width":304,"height":455,"@id":"https://sammlung.volkskundemuseum.at/i3f/v21/218871/full/304/0/default.jpg","@type":"dctypes:Image","format":"image/jpeg"},"logo":{"@id":"https://sammlung.volkskundemuseum.at/domainresource/static/graphics/connectors/viewerLogo.gif","service":{"profile":"http://iiif.io/api/image/2/level2.json","@context":"http://iiif.io/api/image/2/context.json","@id":""}},"@context":"http://iiif.io/api/presentation/2/context.json","seeAlso":{"format":"application/xml","@id":"https://sammlung.volkskundemuseum.at/oai?verb=GetRecord&metadataPrefix=mets&identifier=216032","label":"METS"},"@id":"https://sammlung.volkskundemuseum.at/i3f/v20/216032/manifest","@type":"sc:Manifest","metadata":[{"value":"Positiv auf Untersatzkarton auf Archivkarton.  \rGanzk\u00f6rperportr\u00e4t eines jungen M\u00e4dchens in Tracht. Zu erw\u00e4hnen sind die Spitzensch\u00fcrze, der weit ausgestellte Rock, die Puff\u00e4rmel, die dunklen B\u00e4nder um Hals und H\u00fcften sowie die gefaltete Kopfbedeckung.","label":"Beschreibung"},{"value":"Pateisky, Franz","label":"Fotograf:in"},{"value":"Pateisky, Franz","label":"Verlag"},{"value":"Zauchtel (Aufnahmeort)   ; M\u00e4hren (Aufnahmeort)   ; Tschechien (Aufnahmeort)   ; [vor 1900?] (Aufnahmedatum)","label":"Entstehung"},{"value":"Papier, Fotografie","label":"Material"},{"value":"Albuminabzug","label":"Technik"},{"value":"Hochformat","label":"Format"},{"value":"Foto: H: 14,5 cm B: 10 cm Untersatzkarton: H: 16,5 cm B: 11,4 cm Archivkarton A4","label":"Abmessungen"},{"value":"Objekt","label":"Objekttyp"},{"value":"Positiv, schwarz-wei\u00df auf Untersatzkarton auf Archivkarton","label":"Objektart"},{"value":"pos/441","label":"Inventarnummer"},{"value":"M\u00e4hrische Kroaten  / M\u00e4hrische Walachei   / Kroatien","label":"Assoziation"},{"value":"441 /// Kroatin aus der Umgebung von Lundenburg /// \rM\u00e4dchen aus  Bischofswarth bei Feldsberg (Nachbarort von Lundenburg = Breclav) // 441 // s.o.","label":"Inschrift / Aufschrift"},{"value":"Schenkung","label":"Erwerbungsart"}]}