{"viewingHint":"paged","service":[],"structures":[{"ranges":["https://sammlung.volkskundemuseum.at/i3f/v20/215994/range/217253","https://sammlung.volkskundemuseum.at/i3f/v20/215994/range/217254"],"viewingHint":"top","@id":"https://sammlung.volkskundemuseum.at/i3f/v20/215994/range/215994","@type":"sc:Range","label":"Table of Contents"},{"canvases":["https://sammlung.volkskundemuseum.at/i3f/v20/215994/canvas/218801"],"@id":"https://sammlung.volkskundemuseum.at/i3f/v20/215994/range/217253","@type":"sc:Range","label":"dig/18710: Volkskundemuseum Wien"},{"canvases":["https://sammlung.volkskundemuseum.at/i3f/v20/215994/canvas/218802"],"@id":"https://sammlung.volkskundemuseum.at/i3f/v20/215994/range/217254","@type":"sc:Range","label":"dig/18711: Volkskundemuseum Wien"}],"sequences":[{"canvases":[{"height":2775,"width":3663,"images":[{"resource":{"service":{"profile":"http://iiif.io/api/image/2/level2.json","@context":"http://iiif.io/api/image/2/context.json","@id":"https://sammlung.volkskundemuseum.at/i3f/v20/218801"},"format":"image/jpeg","height":757,"width":1000,"@id":"https://sammlung.volkskundemuseum.at/download/webcache/1000/218801","@type":"dctypes:Image"},"on":"https://sammlung.volkskundemuseum.at/i3f/v20/215994/canvas/218801","motivation":"sc:painting","@id":"https://sammlung.volkskundemuseum.at/i3f/v20/215994/annotation/218801","@type":"oa:Annotation"}],"label":"[1]","@id":"https://sammlung.volkskundemuseum.at/i3f/v20/215994/canvas/218801","@type":"sc:Canvas"},{"height":3560,"width":2587,"images":[{"resource":{"service":{"profile":"http://iiif.io/api/image/2/level2.json","@context":"http://iiif.io/api/image/2/context.json","@id":"https://sammlung.volkskundemuseum.at/i3f/v20/218802"},"format":"image/jpeg","height":1376,"width":1000,"@id":"https://sammlung.volkskundemuseum.at/download/webcache/1000/218802","@type":"dctypes:Image"},"on":"https://sammlung.volkskundemuseum.at/i3f/v20/215994/canvas/218802","motivation":"sc:painting","@id":"https://sammlung.volkskundemuseum.at/i3f/v20/215994/annotation/218802","@type":"oa:Annotation"}],"label":"[2]","@id":"https://sammlung.volkskundemuseum.at/i3f/v20/215994/canvas/218802","@type":"sc:Canvas"}],"viewingHint":"paged","startCanvas":"https://sammlung.volkskundemuseum.at/i3f/v20/215994/canvas/218801","viewingDirection":"left-to-right","label":"Current Page Order","@context":"http://iiif.io/api/presentation/2/context.json","@id":"https://sammlung.volkskundemuseum.at/i3f/v20/215994/sequence/normal","@type":"sc:Sequence"}],"label":"pos/403: Positiv: b\u00f6hmische Keramik","thumbnail":{"width":304,"height":230,"@id":"https://sammlung.volkskundemuseum.at/i3f/v21/218801/full/304/0/default.jpg","@type":"dctypes:Image","format":"image/jpeg"},"logo":{"@id":"https://sammlung.volkskundemuseum.at/domainresource/static/graphics/connectors/viewerLogo.gif","service":{"profile":"http://iiif.io/api/image/2/level2.json","@context":"http://iiif.io/api/image/2/context.json","@id":""}},"@context":"http://iiif.io/api/presentation/2/context.json","seeAlso":{"format":"application/xml","@id":"https://sammlung.volkskundemuseum.at/oai?verb=GetRecord&metadataPrefix=mets&identifier=215994","label":"METS"},"@id":"https://sammlung.volkskundemuseum.at/i3f/v20/215994/manifest","@type":"sc:Manifest","metadata":[{"value":"Positiv auf Untersatzkarton auf Archivkarton. Untersatzkarton abgeschnitten. \rAusstellungs- / Pr\u00e4sentationsansicht. Sechs Keramikkr\u00fcge mit verschiedenen Verzierungen stehen auf einem treppenartigen Tisch. Dazwischen eine gro\u00dfe verzierte Keramikplatte und ein nicht n\u00e4her identifizierbares Dekorationselement aus Keramik.","label":"Beschreibung"},{"value":"unbekannt","label":"Fotograf:in"},{"value":"unbekannt (Aufnahmeort)  ; [vor 1897?] (Aufnahmedatum)","label":"Entstehung"},{"value":"Papier, Fotografie","label":"Material"},{"value":"Albuminabzug","label":"Technik"},{"value":"Querformat","label":"Format"},{"value":"Foto: H: 10 cm B: 13,5 cm Untersatzkarton: H: 11 cm B: 15 cm Archivkarton A4","label":"Abmessungen"},{"value":"Objekt","label":"Objekttyp"},{"value":"Positiv, schwarz-wei\u00df auf Untersatzkarton auf Archivkarton","label":"Objektart"},{"value":"pos/403","label":"Inventarnummer"},{"value":"[abgeschnittene Beschriftung] /// Keramische Gegenst\u00e4nde aus der Sammlung Zeyer. Geschenk von Frau Franziska Zeyer. // 403","label":"Inschrift / Aufschrift"},{"value":"Schenkung","label":"Erwerbungsart"}]}