{"viewingHint":"paged","service":[],"structures":[{"ranges":["https://sammlung.volkskundemuseum.at/i3f/v20/215938/range/217132","https://sammlung.volkskundemuseum.at/i3f/v20/215938/range/217133"],"viewingHint":"top","@id":"https://sammlung.volkskundemuseum.at/i3f/v20/215938/range/215938","@type":"sc:Range","label":"Table of Contents"},{"canvases":["https://sammlung.volkskundemuseum.at/i3f/v20/215938/canvas/218689"],"@id":"https://sammlung.volkskundemuseum.at/i3f/v20/215938/range/217132","@type":"sc:Range","label":"dig/18586: Volkskundemuseum Wien"},{"canvases":["https://sammlung.volkskundemuseum.at/i3f/v20/215938/canvas/218690"],"@id":"https://sammlung.volkskundemuseum.at/i3f/v20/215938/range/217133","@type":"sc:Range","label":"dig/18587: Volkskundemuseum Wien"}],"sequences":[{"canvases":[{"height":3319,"width":3793,"images":[{"resource":{"service":{"profile":"http://iiif.io/api/image/2/level2.json","@context":"http://iiif.io/api/image/2/context.json","@id":"https://sammlung.volkskundemuseum.at/i3f/v20/218689"},"format":"image/jpeg","height":875,"width":1000,"@id":"https://sammlung.volkskundemuseum.at/download/webcache/1000/218689","@type":"dctypes:Image"},"on":"https://sammlung.volkskundemuseum.at/i3f/v20/215938/canvas/218689","motivation":"sc:painting","@id":"https://sammlung.volkskundemuseum.at/i3f/v20/215938/annotation/218689","@type":"oa:Annotation"}],"label":"[1]","@id":"https://sammlung.volkskundemuseum.at/i3f/v20/215938/canvas/218689","@type":"sc:Canvas"},{"height":3604,"width":2571,"images":[{"resource":{"service":{"profile":"http://iiif.io/api/image/2/level2.json","@context":"http://iiif.io/api/image/2/context.json","@id":"https://sammlung.volkskundemuseum.at/i3f/v20/218690"},"format":"image/jpeg","height":1401,"width":1000,"@id":"https://sammlung.volkskundemuseum.at/download/webcache/1000/218690","@type":"dctypes:Image"},"on":"https://sammlung.volkskundemuseum.at/i3f/v20/215938/canvas/218690","motivation":"sc:painting","@id":"https://sammlung.volkskundemuseum.at/i3f/v20/215938/annotation/218690","@type":"oa:Annotation"}],"label":"[2]","@id":"https://sammlung.volkskundemuseum.at/i3f/v20/215938/canvas/218690","@type":"sc:Canvas"}],"viewingHint":"paged","startCanvas":"https://sammlung.volkskundemuseum.at/i3f/v20/215938/canvas/218689","viewingDirection":"left-to-right","label":"Current Page Order","@context":"http://iiif.io/api/presentation/2/context.json","@id":"https://sammlung.volkskundemuseum.at/i3f/v20/215938/sequence/normal","@type":"sc:Sequence"}],"label":"pos/343/001: Positiv: S\u00e4ulenzaun, Nordtirol","thumbnail":{"width":304,"height":266,"@id":"https://sammlung.volkskundemuseum.at/i3f/v21/218689/full/304/0/default.jpg","@type":"dctypes:Image","format":"image/jpeg"},"logo":{"@id":"https://sammlung.volkskundemuseum.at/domainresource/static/graphics/connectors/viewerLogo.gif","service":{"profile":"http://iiif.io/api/image/2/level2.json","@context":"http://iiif.io/api/image/2/context.json","@id":""}},"@context":"http://iiif.io/api/presentation/2/context.json","seeAlso":{"format":"application/xml","@id":"https://sammlung.volkskundemuseum.at/oai?verb=GetRecord&metadataPrefix=mets&identifier=215938","label":"METS"},"@id":"https://sammlung.volkskundemuseum.at/i3f/v20/215938/manifest","@type":"sc:Manifest","metadata":[{"value":"Positiv, schwarz wei\u00df auf Untersatzkarton auf Archivkarton, R\u00fcckseite Untersatzkarton abgespalten. Au\u00dfenaufnahme. Ein Zaun, bestehend aus geraden St\u00e4mmen. Eine gezeichnete Version des Fotos ist in der \u00d6sterreichischen Zeitschrift f\u00fcr Volkskunde (1898, S. 278) abgebildet. Das Objekt besitzt ein Duplikat: pos/343/002.","label":"Beschreibung"},{"value":"Eysn, Marie","label":"Fotograf:in"},{"value":"unbekannt","label":"Verlag"},{"value":"Nordtirol (Aufnahmeort)   ; [vor 1900?] (Aufnahmedatum)","label":"Entstehung"},{"value":"Papier, Fotografie","label":"Material"},{"value":"Albuminabzug","label":"Technik"},{"value":"Querformat","label":"Format"},{"value":"Foto: H: 8,5 cm B: 11 cm Untersatzkarton: H: 13 cm B: 15 cm Archivkarton A4","label":"Abmessungen"},{"value":"Objekt","label":"Objekttyp"},{"value":"Positiv, schwarz-wei\u00df auf Untersatzkarton auf Archivkarton","label":"Objektart"},{"value":"pos/343/001","label":"Inventarnummer"},{"value":"[pos/343/002] - Positiv: S\u00e4ulenzaun, Nordtirol","label":"\u00c4hnliche Objekte"},{"value":"343 // 343 Duplikat // S\u00e4ulenzaun mit Stangen in Nordtirol. Aufgenommen von Frl. Marie Eysn. /// S\u00e4ulenzaun mit Stangen in Nordtirol. // 343 // s.o. // S. 327.","label":"Inschrift / Aufschrift"},{"value":"Schenkung","label":"Erwerbungsart"}]}