{"viewingHint":"paged","service":[],"structures":[{"ranges":["https://sammlung.volkskundemuseum.at/i3f/v20/215935/range/217126","https://sammlung.volkskundemuseum.at/i3f/v20/215935/range/217127"],"viewingHint":"top","@id":"https://sammlung.volkskundemuseum.at/i3f/v20/215935/range/215935","@type":"sc:Range","label":"Table of Contents"},{"canvases":["https://sammlung.volkskundemuseum.at/i3f/v20/215935/canvas/218683"],"@id":"https://sammlung.volkskundemuseum.at/i3f/v20/215935/range/217126","@type":"sc:Range","label":"dig/18580: Volkskundemuseum Wien"},{"canvases":["https://sammlung.volkskundemuseum.at/i3f/v20/215935/canvas/218684"],"@id":"https://sammlung.volkskundemuseum.at/i3f/v20/215935/range/217127","@type":"sc:Range","label":"dig/18581: Volkskundemuseum Wien"}],"sequences":[{"canvases":[{"height":3105,"width":4075,"images":[{"resource":{"service":{"profile":"http://iiif.io/api/image/2/level2.json","@context":"http://iiif.io/api/image/2/context.json","@id":"https://sammlung.volkskundemuseum.at/i3f/v20/218683"},"format":"image/jpeg","height":761,"width":1000,"@id":"https://sammlung.volkskundemuseum.at/download/webcache/1000/218683","@type":"dctypes:Image"},"on":"https://sammlung.volkskundemuseum.at/i3f/v20/215935/canvas/218683","motivation":"sc:painting","@id":"https://sammlung.volkskundemuseum.at/i3f/v20/215935/annotation/218683","@type":"oa:Annotation"}],"label":"[1]","@id":"https://sammlung.volkskundemuseum.at/i3f/v20/215935/canvas/218683","@type":"sc:Canvas"},{"height":1549,"width":2049,"images":[{"resource":{"service":{"profile":"http://iiif.io/api/image/2/level2.json","@context":"http://iiif.io/api/image/2/context.json","@id":"https://sammlung.volkskundemuseum.at/i3f/v20/218684"},"format":"image/jpeg","height":755,"width":1000,"@id":"https://sammlung.volkskundemuseum.at/download/webcache/1000/218684","@type":"dctypes:Image"},"on":"https://sammlung.volkskundemuseum.at/i3f/v20/215935/canvas/218684","motivation":"sc:painting","@id":"https://sammlung.volkskundemuseum.at/i3f/v20/215935/annotation/218684","@type":"oa:Annotation"}],"label":"[2]","@id":"https://sammlung.volkskundemuseum.at/i3f/v20/215935/canvas/218684","@type":"sc:Canvas"}],"viewingHint":"paged","startCanvas":"https://sammlung.volkskundemuseum.at/i3f/v20/215935/canvas/218683","viewingDirection":"left-to-right","label":"Current Page Order","@context":"http://iiif.io/api/presentation/2/context.json","@id":"https://sammlung.volkskundemuseum.at/i3f/v20/215935/sequence/normal","@type":"sc:Sequence"}],"label":"pos/341/002: Positiv: Palisadenzaun, Nordtirol","thumbnail":{"width":304,"height":231,"@id":"https://sammlung.volkskundemuseum.at/i3f/v21/218683/full/304/0/default.jpg","@type":"dctypes:Image","format":"image/jpeg"},"logo":{"@id":"https://sammlung.volkskundemuseum.at/domainresource/static/graphics/connectors/viewerLogo.gif","service":{"profile":"http://iiif.io/api/image/2/level2.json","@context":"http://iiif.io/api/image/2/context.json","@id":""}},"@context":"http://iiif.io/api/presentation/2/context.json","seeAlso":{"format":"application/xml","@id":"https://sammlung.volkskundemuseum.at/oai?verb=GetRecord&metadataPrefix=mets&identifier=215935","label":"METS"},"@id":"https://sammlung.volkskundemuseum.at/i3f/v20/215935/manifest","@type":"sc:Manifest","metadata":[{"value":"Positiv, schwarz wei\u00df auf Untersatzkarton. \rEin Zaun, bestehend aus angespitzten Baumst\u00e4mmen. Eine gezeichnete Version des Fotos ist in der \u00d6sterreichischen Zeitschrift f\u00fcr Volkskunde (1898, S. 283) abgebildet. \rDas Objekt besitzt ein Duplikat: pos/341/001.","label":"Beschreibung"},{"value":"Eysn, Marie","label":"Fotograf:in"},{"value":"unbekannt","label":"Verlag"},{"value":"Nordtirol (Aufnahmeort)   ; [vor 1900?] (Aufnahmedatum)","label":"Entstehung"},{"value":"Papier, Fotografie","label":"Material"},{"value":"Albuminabzug","label":"Technik"},{"value":"Querformat","label":"Format"},{"value":"Foto: H: 8 cm B: 11 cm Untersatzkarton: H: 12 cm B: 16 cm","label":"Abmessungen"},{"value":"Objekt","label":"Objekttyp"},{"value":"Positiv, schwarz-wei\u00df auf Untersatzkarton","label":"Objektart"},{"value":"pos/341/002","label":"Inventarnummer"},{"value":"[pos/341/001] - Positiv: Palisadenzaun, Nordtirol","label":"\u00c4hnliche Objekte"},{"value":"recto: 341verso: 341 2a // Gedippelter Palissadenzaun. Nordtirol. Aufg. v. M. Eysn.","label":"Inschrift / Aufschrift"},{"value":"Schenkung","label":"Erwerbungsart"}]}