{"viewingHint":"paged","service":[],"structures":[{"ranges":["https://sammlung.volkskundemuseum.at/i3f/v20/215934/range/217124","https://sammlung.volkskundemuseum.at/i3f/v20/215934/range/217125"],"viewingHint":"top","@id":"https://sammlung.volkskundemuseum.at/i3f/v20/215934/range/215934","@type":"sc:Range","label":"Table of Contents"},{"canvases":["https://sammlung.volkskundemuseum.at/i3f/v20/215934/canvas/218681"],"@id":"https://sammlung.volkskundemuseum.at/i3f/v20/215934/range/217124","@type":"sc:Range","label":"dig/18578: Volkskundemuseum Wien"},{"canvases":["https://sammlung.volkskundemuseum.at/i3f/v20/215934/canvas/218682"],"@id":"https://sammlung.volkskundemuseum.at/i3f/v20/215934/range/217125","@type":"sc:Range","label":"dig/18579: Volkskundemuseum Wien"}],"sequences":[{"canvases":[{"height":3320,"width":3785,"images":[{"resource":{"service":{"profile":"http://iiif.io/api/image/2/level2.json","@context":"http://iiif.io/api/image/2/context.json","@id":"https://sammlung.volkskundemuseum.at/i3f/v20/218681"},"format":"image/jpeg","height":877,"width":1000,"@id":"https://sammlung.volkskundemuseum.at/download/webcache/1000/218681","@type":"dctypes:Image"},"on":"https://sammlung.volkskundemuseum.at/i3f/v20/215934/canvas/218681","motivation":"sc:painting","@id":"https://sammlung.volkskundemuseum.at/i3f/v20/215934/annotation/218681","@type":"oa:Annotation"}],"label":"[1]","@id":"https://sammlung.volkskundemuseum.at/i3f/v20/215934/canvas/218681","@type":"sc:Canvas"},{"height":3604,"width":2571,"images":[{"resource":{"service":{"profile":"http://iiif.io/api/image/2/level2.json","@context":"http://iiif.io/api/image/2/context.json","@id":"https://sammlung.volkskundemuseum.at/i3f/v20/218682"},"format":"image/jpeg","height":1401,"width":1000,"@id":"https://sammlung.volkskundemuseum.at/download/webcache/1000/218682","@type":"dctypes:Image"},"on":"https://sammlung.volkskundemuseum.at/i3f/v20/215934/canvas/218682","motivation":"sc:painting","@id":"https://sammlung.volkskundemuseum.at/i3f/v20/215934/annotation/218682","@type":"oa:Annotation"}],"label":"[2]","@id":"https://sammlung.volkskundemuseum.at/i3f/v20/215934/canvas/218682","@type":"sc:Canvas"}],"viewingHint":"paged","startCanvas":"https://sammlung.volkskundemuseum.at/i3f/v20/215934/canvas/218681","viewingDirection":"left-to-right","label":"Current Page Order","@context":"http://iiif.io/api/presentation/2/context.json","@id":"https://sammlung.volkskundemuseum.at/i3f/v20/215934/sequence/normal","@type":"sc:Sequence"}],"label":"pos/341/001: Positiv: Palisadenzaun, Nordtirol","thumbnail":{"width":304,"height":266,"@id":"https://sammlung.volkskundemuseum.at/i3f/v21/218681/full/304/0/default.jpg","@type":"dctypes:Image","format":"image/jpeg"},"logo":{"@id":"https://sammlung.volkskundemuseum.at/domainresource/static/graphics/connectors/viewerLogo.gif","service":{"profile":"http://iiif.io/api/image/2/level2.json","@context":"http://iiif.io/api/image/2/context.json","@id":""}},"@context":"http://iiif.io/api/presentation/2/context.json","seeAlso":{"format":"application/xml","@id":"https://sammlung.volkskundemuseum.at/oai?verb=GetRecord&metadataPrefix=mets&identifier=215934","label":"METS"},"@id":"https://sammlung.volkskundemuseum.at/i3f/v20/215934/manifest","@type":"sc:Manifest","metadata":[{"value":"Positiv, schwarz wei\u00df auf Untersatzkarton auf Archivkarton, R\u00fcckseite Untersatzkarton abgespalten. Au\u00dfenaufnahme. \rEin Zaun, bestehend aus angespitzten Baumst\u00e4mmen. Eine gezeichnete Version des Fotos ist in der \u00d6sterreichischen Zeitschrift f\u00fcr Volkskunde (1898, S. 283) abgebildet. \rDas Objekt besitzt ein Duplikat: pos/341/002.","label":"Beschreibung"},{"value":"Eysn, Marie","label":"Fotograf:in"},{"value":"unbekannt","label":"Verlag"},{"value":"Nordtirol (Aufnahmeort)   ; [vor 1900?] (Aufnahmedatum)","label":"Entstehung"},{"value":"Papier, Fotografie","label":"Material"},{"value":"Albuminabzug","label":"Technik"},{"value":"Querformat","label":"Format"},{"value":"Foto: H: 8,5 cm B: 11 cm Untersatzkarton: H: 13 cm B: 15 cm Archivkarton A4","label":"Abmessungen"},{"value":"Objekt","label":"Objekttyp"},{"value":"Positiv, schwarz-wei\u00df auf Untersatzkarton auf Archivkarton","label":"Objektart"},{"value":"pos/341/001","label":"Inventarnummer"},{"value":"[pos/341/002] - Positiv: Palisadenzaun, Nordtirol","label":"\u00c4hnliche Objekte"},{"value":"341 // 341 Duplikat // Gedippelter Palissadenzaun in Nordtirol. Aufgenommen von Frl. Marie Eysn. /// Gedippelter Palissadenzaun in Nordtirol. // 341 // s.o. // S. 327","label":"Inschrift / Aufschrift"},{"value":"Schenkung","label":"Erwerbungsart"}]}