{"viewingHint":"paged","service":[],"structures":[{"ranges":["https://sammlung.volkskundemuseum.at/i3f/v20/215917/range/217089","https://sammlung.volkskundemuseum.at/i3f/v20/215917/range/217090"],"viewingHint":"top","@id":"https://sammlung.volkskundemuseum.at/i3f/v20/215917/range/215917","@type":"sc:Range","label":"Table of Contents"},{"canvases":["https://sammlung.volkskundemuseum.at/i3f/v20/215917/canvas/218647"],"@id":"https://sammlung.volkskundemuseum.at/i3f/v20/215917/range/217089","@type":"sc:Range","label":"dig/18544: Volkskundemuseum Wien"},{"canvases":["https://sammlung.volkskundemuseum.at/i3f/v20/215917/canvas/218648"],"@id":"https://sammlung.volkskundemuseum.at/i3f/v20/215917/range/217090","@type":"sc:Range","label":"dig/18545: Volkskundemuseum Wien"}],"sequences":[{"canvases":[{"height":3082,"width":4090,"images":[{"resource":{"service":{"profile":"http://iiif.io/api/image/2/level2.json","@context":"http://iiif.io/api/image/2/context.json","@id":"https://sammlung.volkskundemuseum.at/i3f/v20/218647"},"format":"image/jpeg","height":753,"width":1000,"@id":"https://sammlung.volkskundemuseum.at/download/webcache/1000/218647","@type":"dctypes:Image"},"on":"https://sammlung.volkskundemuseum.at/i3f/v20/215917/canvas/218647","motivation":"sc:painting","@id":"https://sammlung.volkskundemuseum.at/i3f/v20/215917/annotation/218647","@type":"oa:Annotation"}],"label":"[1]","@id":"https://sammlung.volkskundemuseum.at/i3f/v20/215917/canvas/218647","@type":"sc:Canvas"},{"height":1533,"width":2045,"images":[{"resource":{"service":{"profile":"http://iiif.io/api/image/2/level2.json","@context":"http://iiif.io/api/image/2/context.json","@id":"https://sammlung.volkskundemuseum.at/i3f/v20/218648"},"format":"image/jpeg","height":749,"width":1000,"@id":"https://sammlung.volkskundemuseum.at/download/webcache/1000/218648","@type":"dctypes:Image"},"on":"https://sammlung.volkskundemuseum.at/i3f/v20/215917/canvas/218648","motivation":"sc:painting","@id":"https://sammlung.volkskundemuseum.at/i3f/v20/215917/annotation/218648","@type":"oa:Annotation"}],"label":"[2]","@id":"https://sammlung.volkskundemuseum.at/i3f/v20/215917/canvas/218648","@type":"sc:Canvas"}],"viewingHint":"paged","startCanvas":"https://sammlung.volkskundemuseum.at/i3f/v20/215917/canvas/218647","viewingDirection":"left-to-right","label":"Current Page Order","@context":"http://iiif.io/api/presentation/2/context.json","@id":"https://sammlung.volkskundemuseum.at/i3f/v20/215917/sequence/normal","@type":"sc:Sequence"}],"label":"pos/332/002: Positiv: S\u00e4ulenzaun, Nordtirol","thumbnail":{"width":304,"height":229,"@id":"https://sammlung.volkskundemuseum.at/i3f/v21/218647/full/304/0/default.jpg","@type":"dctypes:Image","format":"image/jpeg"},"logo":{"@id":"https://sammlung.volkskundemuseum.at/domainresource/static/graphics/connectors/viewerLogo.gif","service":{"profile":"http://iiif.io/api/image/2/level2.json","@context":"http://iiif.io/api/image/2/context.json","@id":""}},"@context":"http://iiif.io/api/presentation/2/context.json","seeAlso":{"format":"application/xml","@id":"https://sammlung.volkskundemuseum.at/oai?verb=GetRecord&metadataPrefix=mets&identifier=215917","label":"METS"},"@id":"https://sammlung.volkskundemuseum.at/i3f/v20/215917/manifest","@type":"sc:Manifest","metadata":[{"value":"Positiv, schwarz wei\u00df auf Untersatzkarton auf Archivkarton, R\u00fcckseite Untersatzkarton abgespalten. Au\u00dfenaufnahme. Ansicht eines \"S\u00e4ulenzauns\". Eine gezeichnete Version des Fotos ist in der \u00d6sterreichischen Zeitschrift f\u00fcr Volkskunde (1898, S. 282) abgebildet. Das Objekt besitzt ein Duplikat: pos/332/002.","label":"Beschreibung"},{"value":"Eysn, Marie","label":"Fotograf:in"},{"value":"unbekannt","label":"Verlag"},{"value":"Nordtirol (Aufnahmeort)   ; [vor 1900?] (Aufnahmedatum)","label":"Entstehung"},{"value":"Papier, Fotografie","label":"Material"},{"value":"Albuminabzug","label":"Technik"},{"value":"Querformat","label":"Format"},{"value":"Foto: H: 8 cm B: 11 cm Untersatzkarton: H: 12 cm B: 16,5 cm","label":"Abmessungen"},{"value":"Objekt","label":"Objekttyp"},{"value":"Positiv, schwarz-wei\u00df auf Untersatzkarton","label":"Objektart"},{"value":"pos/332/002","label":"Inventarnummer"},{"value":"[pos/332/001] - Positiv: S\u00e4ulenzaun, Nordtirol","label":"\u00c4hnliche Objekte"},{"value":"recto: 332verso: 332a // S\u00e4ulenzaun mit Schwartl. Nordtirol. Aufg. v. M. Eysn.","label":"Inschrift / Aufschrift"},{"value":"Schenkung","label":"Erwerbungsart"}]}