{"viewingHint":"paged","service":[],"structures":[{"ranges":["https://sammlung.volkskundemuseum.at/i3f/v20/215916/range/217087","https://sammlung.volkskundemuseum.at/i3f/v20/215916/range/217088"],"viewingHint":"top","@id":"https://sammlung.volkskundemuseum.at/i3f/v20/215916/range/215916","@type":"sc:Range","label":"Table of Contents"},{"canvases":["https://sammlung.volkskundemuseum.at/i3f/v20/215916/canvas/218645"],"@id":"https://sammlung.volkskundemuseum.at/i3f/v20/215916/range/217087","@type":"sc:Range","label":"dig/18542: Volkskundemuseum Wien"},{"canvases":["https://sammlung.volkskundemuseum.at/i3f/v20/215916/canvas/218646"],"@id":"https://sammlung.volkskundemuseum.at/i3f/v20/215916/range/217088","@type":"sc:Range","label":"dig/18543: Volkskundemuseum Wien"}],"sequences":[{"canvases":[{"height":3327,"width":3799,"images":[{"resource":{"service":{"profile":"http://iiif.io/api/image/2/level2.json","@context":"http://iiif.io/api/image/2/context.json","@id":"https://sammlung.volkskundemuseum.at/i3f/v20/218645"},"format":"image/jpeg","height":875,"width":1000,"@id":"https://sammlung.volkskundemuseum.at/download/webcache/1000/218645","@type":"dctypes:Image"},"on":"https://sammlung.volkskundemuseum.at/i3f/v20/215916/canvas/218645","motivation":"sc:painting","@id":"https://sammlung.volkskundemuseum.at/i3f/v20/215916/annotation/218645","@type":"oa:Annotation"}],"label":"[1]","@id":"https://sammlung.volkskundemuseum.at/i3f/v20/215916/canvas/218645","@type":"sc:Canvas"},{"height":3571,"width":2595,"images":[{"resource":{"service":{"profile":"http://iiif.io/api/image/2/level2.json","@context":"http://iiif.io/api/image/2/context.json","@id":"https://sammlung.volkskundemuseum.at/i3f/v20/218646"},"format":"image/jpeg","height":1376,"width":1000,"@id":"https://sammlung.volkskundemuseum.at/download/webcache/1000/218646","@type":"dctypes:Image"},"on":"https://sammlung.volkskundemuseum.at/i3f/v20/215916/canvas/218646","motivation":"sc:painting","@id":"https://sammlung.volkskundemuseum.at/i3f/v20/215916/annotation/218646","@type":"oa:Annotation"}],"label":"[2]","@id":"https://sammlung.volkskundemuseum.at/i3f/v20/215916/canvas/218646","@type":"sc:Canvas"}],"viewingHint":"paged","startCanvas":"https://sammlung.volkskundemuseum.at/i3f/v20/215916/canvas/218645","viewingDirection":"left-to-right","label":"Current Page Order","@context":"http://iiif.io/api/presentation/2/context.json","@id":"https://sammlung.volkskundemuseum.at/i3f/v20/215916/sequence/normal","@type":"sc:Sequence"}],"label":"pos/332/001: Positiv: S\u00e4ulenzaun, Nordtirol","thumbnail":{"width":304,"height":266,"@id":"https://sammlung.volkskundemuseum.at/i3f/v21/218645/full/304/0/default.jpg","@type":"dctypes:Image","format":"image/jpeg"},"logo":{"@id":"https://sammlung.volkskundemuseum.at/domainresource/static/graphics/connectors/viewerLogo.gif","service":{"profile":"http://iiif.io/api/image/2/level2.json","@context":"http://iiif.io/api/image/2/context.json","@id":""}},"@context":"http://iiif.io/api/presentation/2/context.json","seeAlso":{"format":"application/xml","@id":"https://sammlung.volkskundemuseum.at/oai?verb=GetRecord&metadataPrefix=mets&identifier=215916","label":"METS"},"@id":"https://sammlung.volkskundemuseum.at/i3f/v20/215916/manifest","@type":"sc:Manifest","metadata":[{"value":"Positiv, schwarz wei\u00df auf Untersatzkarton auf Archivkarton, R\u00fcckseite Untersatzkarton abgespalten. Au\u00dfenaufnahme. Ansicht eines \"S\u00e4ulenzauns\". Eine gezeichnete Version des Fotos ist in der \u00d6sterreichischen Zeitschrift f\u00fcr Volkskunde (1898, S. 282) abgebildet. Das Objekt besitzt ein Duplikat: pos/332/002.","label":"Beschreibung"},{"value":"Eysn, Marie","label":"Fotograf:in"},{"value":"unbekannt","label":"Verlag"},{"value":"Nordtirol (Aufnahmeort)   ; [vor 1900?] (Aufnahmedatum)","label":"Entstehung"},{"value":"Papier, Fotografie","label":"Material"},{"value":"Albuminabzug","label":"Technik"},{"value":"Querformat","label":"Format"},{"value":"Foto: H: 8,5 cm B: 11 cm Untersatzkarton: H: 13 cm B: 15 cm Archivkarton A4","label":"Abmessungen"},{"value":"Objekt","label":"Objekttyp"},{"value":"Positiv, schwarz-wei\u00df auf Untersatzkarton auf Archivkarton","label":"Objektart"},{"value":"pos/332/001","label":"Inventarnummer"},{"value":"[pos/332/002] - Positiv: S\u00e4ulenzaun, Nordtirol","label":"\u00c4hnliche Objekte"},{"value":"332 // 332 Dupl. // S\u00e4ulenzaun mit Schwartl in Nordtirol. // Aufgenommen von Frl. Marie Eysn. /// S\u00e4ulenzaun mit Schwartl in Nordtirol // 331 // s.o. // S. 327","label":"Inschrift / Aufschrift"},{"value":"Schenkung","label":"Erwerbungsart"}]}