{"viewingHint":"paged","service":[],"structures":[{"ranges":["https://sammlung.volkskundemuseum.at/i3f/v20/215875/range/216988","https://sammlung.volkskundemuseum.at/i3f/v20/215875/range/216989"],"viewingHint":"top","@id":"https://sammlung.volkskundemuseum.at/i3f/v20/215875/range/215875","@type":"sc:Range","label":"Table of Contents"},{"canvases":["https://sammlung.volkskundemuseum.at/i3f/v20/215875/canvas/218562"],"@id":"https://sammlung.volkskundemuseum.at/i3f/v20/215875/range/216988","@type":"sc:Range","label":"dig/18460: Volkskundemuseum Wien"},{"canvases":["https://sammlung.volkskundemuseum.at/i3f/v20/215875/canvas/218563"],"@id":"https://sammlung.volkskundemuseum.at/i3f/v20/215875/range/216989","@type":"sc:Range","label":"dig/18461: Volkskundemuseum Wien"}],"sequences":[{"canvases":[{"height":4233,"width":2827,"images":[{"resource":{"service":{"profile":"http://iiif.io/api/image/2/level2.json","@context":"http://iiif.io/api/image/2/context.json","@id":"https://sammlung.volkskundemuseum.at/i3f/v20/218562"},"format":"image/jpeg","height":1497,"width":1000,"@id":"https://sammlung.volkskundemuseum.at/download/webcache/1000/218562","@type":"dctypes:Image"},"on":"https://sammlung.volkskundemuseum.at/i3f/v20/215875/canvas/218562","motivation":"sc:painting","@id":"https://sammlung.volkskundemuseum.at/i3f/v20/215875/annotation/218562","@type":"oa:Annotation"}],"label":"[1]","@id":"https://sammlung.volkskundemuseum.at/i3f/v20/215875/canvas/218562","@type":"sc:Canvas"},{"height":3600,"width":2563,"images":[{"resource":{"service":{"profile":"http://iiif.io/api/image/2/level2.json","@context":"http://iiif.io/api/image/2/context.json","@id":"https://sammlung.volkskundemuseum.at/i3f/v20/218563"},"format":"image/jpeg","height":1404,"width":1000,"@id":"https://sammlung.volkskundemuseum.at/download/webcache/1000/218563","@type":"dctypes:Image"},"on":"https://sammlung.volkskundemuseum.at/i3f/v20/215875/canvas/218563","motivation":"sc:painting","@id":"https://sammlung.volkskundemuseum.at/i3f/v20/215875/annotation/218563","@type":"oa:Annotation"}],"label":"[2]","@id":"https://sammlung.volkskundemuseum.at/i3f/v20/215875/canvas/218563","@type":"sc:Canvas"}],"viewingHint":"paged","startCanvas":"https://sammlung.volkskundemuseum.at/i3f/v20/215875/canvas/218562","viewingDirection":"left-to-right","label":"Current Page Order","@context":"http://iiif.io/api/presentation/2/context.json","@id":"https://sammlung.volkskundemuseum.at/i3f/v20/215875/sequence/normal","@type":"sc:Sequence"}],"label":"pos/293: Positiv: Vorh\u00e4ngeschl\u00f6sser und Schl\u00fcssel","thumbnail":{"width":304,"height":455,"@id":"https://sammlung.volkskundemuseum.at/i3f/v21/218562/full/304/0/default.jpg","@type":"dctypes:Image","format":"image/jpeg"},"logo":{"@id":"https://sammlung.volkskundemuseum.at/domainresource/static/graphics/connectors/viewerLogo.gif","service":{"profile":"http://iiif.io/api/image/2/level2.json","@context":"http://iiif.io/api/image/2/context.json","@id":""}},"@context":"http://iiif.io/api/presentation/2/context.json","seeAlso":{"format":"application/xml","@id":"https://sammlung.volkskundemuseum.at/oai?verb=GetRecord&metadataPrefix=mets&identifier=215875","label":"METS"},"@id":"https://sammlung.volkskundemuseum.at/i3f/v20/215875/manifest","@type":"sc:Manifest","metadata":[{"value":"Positiv auf Untersatzkarton auf Archivkarton, R\u00fcckseite Untersatzkarton abgespalten. Elf Vorh\u00e4ngeschl\u00f6sser, verschiedene Ausarbeitungen.","label":"Beschreibung"},{"value":"Levetus, Amelia Sarah","label":"Sammler:in"},{"value":"Grillnberger, Johann","label":"Fotograf:in"},{"value":"unbekannt","label":"Verlag"},{"value":"unbekannt (Aufnahmeort)  ; [vor 1900?] (Aufnahmedatum)","label":"Entstehung"},{"value":"Papier, Fotografie","label":"Material"},{"value":"Positivverfahren schwarz-wei\u00df auf Papier","label":"Technik"},{"value":"Hochformat","label":"Format"},{"value":"Foto: H: 15 cm B: 10 cm Untersatzkarton: H: 17 cm B: 11 cm Archivkarton A4","label":"Abmessungen"},{"value":"Objekt","label":"Objekttyp"},{"value":"Positiv, schwarz-wei\u00df auf Untersatzkarton auf Archivkarton","label":"Objektart"},{"value":"pos/293","label":"Inventarnummer"},{"value":"291 // 2 3/4 [...] 431 /// Vorh\u00e4ngeschl\u00f6sser aus [...] Bildsammlung Levitus. // 293 // s. 290  [Joh. Grillnberger, Enns] /// vgl. S. 290","label":"Inschrift / Aufschrift"},{"value":"Schenkung","label":"Erwerbungsart"}]}