{"viewingHint":"paged","service":[],"structures":[{"ranges":["https://sammlung.volkskundemuseum.at/i3f/v20/215860/range/216958","https://sammlung.volkskundemuseum.at/i3f/v20/215860/range/216959"],"viewingHint":"top","@id":"https://sammlung.volkskundemuseum.at/i3f/v20/215860/range/215860","@type":"sc:Range","label":"Table of Contents"},{"canvases":["https://sammlung.volkskundemuseum.at/i3f/v20/215860/canvas/218532"],"@id":"https://sammlung.volkskundemuseum.at/i3f/v20/215860/range/216958","@type":"sc:Range","label":"dig/18430: Volkskundemuseum Wien"},{"canvases":["https://sammlung.volkskundemuseum.at/i3f/v20/215860/canvas/218533"],"@id":"https://sammlung.volkskundemuseum.at/i3f/v20/215860/range/216959","@type":"sc:Range","label":"dig/18431: Volkskundemuseum Wien"}],"sequences":[{"canvases":[{"height":4097,"width":2731,"images":[{"resource":{"service":{"profile":"http://iiif.io/api/image/2/level2.json","@context":"http://iiif.io/api/image/2/context.json","@id":"https://sammlung.volkskundemuseum.at/i3f/v20/218532"},"format":"image/jpeg","height":1500,"width":1000,"@id":"https://sammlung.volkskundemuseum.at/download/webcache/1000/218532","@type":"dctypes:Image"},"on":"https://sammlung.volkskundemuseum.at/i3f/v20/215860/canvas/218532","motivation":"sc:painting","@id":"https://sammlung.volkskundemuseum.at/i3f/v20/215860/annotation/218532","@type":"oa:Annotation"}],"label":"[1]","@id":"https://sammlung.volkskundemuseum.at/i3f/v20/215860/canvas/218532","@type":"sc:Canvas"},{"height":3596,"width":2567,"images":[{"resource":{"service":{"profile":"http://iiif.io/api/image/2/level2.json","@context":"http://iiif.io/api/image/2/context.json","@id":"https://sammlung.volkskundemuseum.at/i3f/v20/218533"},"format":"image/jpeg","height":1400,"width":1000,"@id":"https://sammlung.volkskundemuseum.at/download/webcache/1000/218533","@type":"dctypes:Image"},"on":"https://sammlung.volkskundemuseum.at/i3f/v20/215860/canvas/218533","motivation":"sc:painting","@id":"https://sammlung.volkskundemuseum.at/i3f/v20/215860/annotation/218533","@type":"oa:Annotation"}],"label":"[2]","@id":"https://sammlung.volkskundemuseum.at/i3f/v20/215860/canvas/218533","@type":"sc:Canvas"}],"viewingHint":"paged","startCanvas":"https://sammlung.volkskundemuseum.at/i3f/v20/215860/canvas/218532","viewingDirection":"left-to-right","label":"Current Page Order","@context":"http://iiif.io/api/presentation/2/context.json","@id":"https://sammlung.volkskundemuseum.at/i3f/v20/215860/sequence/normal","@type":"sc:Sequence"}],"label":"pos/277: Positiv: \"Tiroler Trachtenbild\", Frau aus Sterzing, S\u00fcdtirol","thumbnail":{"width":304,"height":456,"@id":"https://sammlung.volkskundemuseum.at/i3f/v21/218532/full/304/0/default.jpg","@type":"dctypes:Image","format":"image/jpeg"},"logo":{"@id":"https://sammlung.volkskundemuseum.at/domainresource/static/graphics/connectors/viewerLogo.gif","service":{"profile":"http://iiif.io/api/image/2/level2.json","@context":"http://iiif.io/api/image/2/context.json","@id":""}},"@context":"http://iiif.io/api/presentation/2/context.json","seeAlso":{"format":"application/xml","@id":"https://sammlung.volkskundemuseum.at/oai?verb=GetRecord&metadataPrefix=mets&identifier=215860","label":"METS"},"@id":"https://sammlung.volkskundemuseum.at/i3f/v20/215860/manifest","@type":"sc:Manifest","metadata":[{"value":"Positiv auf Untersatzkarton auf Archivkarton, R\u00fcckseite Untersatzkarton abgespalten. Studioaufnahme, Ganzk\u00f6rperportr\u00e4t, Name der Person unbekannt. \rEine Frau steht in einer Studiokulisse. Sie tr\u00e4gt Tracht. Auff\u00e4llig ist die starke Kolorierung ihrer Wangen. Sie tr\u00e4gt ein braunes Kleid mit gr\u00fcnem Mieder, eine helle und wei\u00dfe Bluse. Ihre H\u00fcfte schm\u00fcckt ein bunter G\u00fcrtel. Um den Hals tr\u00e4gt sie ein rotes Tuch.","label":"Beschreibung"},{"value":"Czichna, C. A.","label":"Fotograf:in"},{"value":"Czichna, C. A.","label":"Verlag"},{"value":"Innsbruck (Verlagsort)   ; Tirol (Aufnahmeort)   ; [vor 1900?] (Aufnahmedatum)","label":"Entstehung"},{"value":"Papier, Fotografie","label":"Material"},{"value":"Albuminabzug, koloriert","label":"Technik"},{"value":"Carte de Cabinet ; Hochformat","label":"Format"},{"value":"Foto: H: 14 cm B: 9,5 cm Untersatzkarton: H: 16,5 cm B: 11 cm Archivkarton A4","label":"Abmessungen"},{"value":"Objekt","label":"Objekttyp"},{"value":"Positiv, schwarz-wei\u00df auf Untersatzkarton auf Archivkarton","label":"Objektart"},{"value":"pos/277","label":"Inventarnummer"},{"value":"Stereotyp","label":"Assoziation"},{"value":"Sterzingerin (Eisackthal) // 277 /// Sterzingerin (Eisackthal) // 277 // s.o.","label":"Inschrift / Aufschrift"},{"value":"Ankauf","label":"Erwerbungsart"}]}