{"viewingHint":"paged","service":[],"structures":[{"ranges":["https://sammlung.volkskundemuseum.at/i3f/v20/215571/range/216391"],"viewingHint":"top","@id":"https://sammlung.volkskundemuseum.at/i3f/v20/215571/range/215571","@type":"sc:Range","label":"Table of Contents"},{"canvases":["https://sammlung.volkskundemuseum.at/i3f/v20/215571/canvas/218060"],"@id":"https://sammlung.volkskundemuseum.at/i3f/v20/215571/range/216391","@type":"sc:Range","label":"dig/17847: Volkskundemuseum Wien"}],"sequences":[{"canvases":[{"height":7629,"width":5757,"images":[{"resource":{"service":{"profile":"http://iiif.io/api/image/2/level2.json","@context":"http://iiif.io/api/image/2/context.json","@id":"https://sammlung.volkskundemuseum.at/i3f/v20/218060"},"format":"image/jpeg","height":1325,"width":1000,"@id":"https://sammlung.volkskundemuseum.at/download/webcache/1000/218060","@type":"dctypes:Image"},"on":"https://sammlung.volkskundemuseum.at/i3f/v20/215571/canvas/218060","motivation":"sc:painting","@id":"https://sammlung.volkskundemuseum.at/i3f/v20/215571/annotation/218060","@type":"oa:Annotation"}],"label":"[1]","@id":"https://sammlung.volkskundemuseum.at/i3f/v20/215571/canvas/218060","@type":"sc:Canvas"}],"viewingHint":"paged","startCanvas":"https://sammlung.volkskundemuseum.at/i3f/v20/215571/canvas/218060","viewingDirection":"left-to-right","label":"Current Page Order","@context":"http://iiif.io/api/presentation/2/context.json","@id":"https://sammlung.volkskundemuseum.at/i3f/v20/215571/sequence/normal","@type":"sc:Sequence"}],"label":"pos/95/a: Zeichnung: Paar aus Nietschitz, M\u00e4hren","thumbnail":{"width":304,"height":402,"@id":"https://sammlung.volkskundemuseum.at/i3f/v21/218060/full/304/0/default.jpg","@type":"dctypes:Image","format":"image/jpeg"},"logo":{"@id":"https://sammlung.volkskundemuseum.at/domainresource/static/graphics/connectors/viewerLogo.gif","service":{"profile":"http://iiif.io/api/image/2/level2.json","@context":"http://iiif.io/api/image/2/context.json","@id":""}},"@context":"http://iiif.io/api/presentation/2/context.json","seeAlso":{"format":"application/xml","@id":"https://sammlung.volkskundemuseum.at/oai?verb=GetRecord&metadataPrefix=mets&identifier=215571","label":"METS"},"@id":"https://sammlung.volkskundemuseum.at/i3f/v20/215571/manifest","@type":"sc:Manifest","metadata":[{"value":"Tuschezeichnung f\u00fcr den Aufsatz \"Die Bev\u00f6lkerung am \"Z\u00e1ho\u0159i\" in M\u00e4hren\" von P. Franz P\u0159ikryl in der Zeitschrift f\u00fcr \u00f6sterreichische Volkskunde von 1985, die nicht abgebildet wurde.","label":"Beschreibung"},{"value":"Lischka, Robert Carl","label":"K\u00fcnstler:in / K\u00fcnstlergruppe / Grafiker:in"},{"value":"Klva\u0148a, Josef","label":"Beteiligt"},{"value":"M\u00e4hren (Aufnahmeort Vorlage)   ; Horn\u00ed N\u011bt\u010dice (Aufnahmeort Vorlage)  ; 23.07.1893 (Aufnahmedatum Vorlage, datiert) ; 1895 (datiert)","label":"Entstehung"},{"value":"Papier","label":"Material"},{"value":"Tusche, laviert","label":"Technik"},{"value":"Hochformat","label":"Format"},{"value":"Zeichnung: H: 33 cm B: 22 cm","label":"Abmessungen"},{"value":"Objekt","label":"Objekttyp"},{"value":"Zeichnung","label":"Objektart"},{"value":"pos/95/a","label":"Inventarnummer"},{"value":"95a /// Lischka 895 // Bursche von Unter- Ober- Nietschitz und M\u00e4dchen von Simrze bei Sobiechleb. //  (Nach einer von Professor Josef Klva\u0148a anl\u00e4sslich der ethnographischen // Ausstellung in Drzewohostitz am 23. Juli 1893 aufgenommenen Photographie.)","label":"Inschrift / Aufschrift"},{"value":"[Schenkung?]","label":"Erwerbungsart"}]}