{"viewingHint":"paged","service":[],"structures":[{"ranges":["https://sammlung.volkskundemuseum.at/i3f/v20/215569/range/216388"],"viewingHint":"top","@id":"https://sammlung.volkskundemuseum.at/i3f/v20/215569/range/215569","@type":"sc:Range","label":"Table of Contents"},{"canvases":["https://sammlung.volkskundemuseum.at/i3f/v20/215569/canvas/218058"],"@id":"https://sammlung.volkskundemuseum.at/i3f/v20/215569/range/216388","@type":"sc:Range","label":"dig/17845: Volkskundemuseum Wien"}],"sequences":[{"canvases":[{"height":8038,"width":5390,"images":[{"resource":{"service":{"profile":"http://iiif.io/api/image/2/level2.json","@context":"http://iiif.io/api/image/2/context.json","@id":"https://sammlung.volkskundemuseum.at/i3f/v20/218058"},"format":"image/jpeg","height":1491,"width":1000,"@id":"https://sammlung.volkskundemuseum.at/download/webcache/1000/218058","@type":"dctypes:Image"},"on":"https://sammlung.volkskundemuseum.at/i3f/v20/215569/canvas/218058","motivation":"sc:painting","@id":"https://sammlung.volkskundemuseum.at/i3f/v20/215569/annotation/218058","@type":"oa:Annotation"}],"label":"[1]","@id":"https://sammlung.volkskundemuseum.at/i3f/v20/215569/canvas/218058","@type":"sc:Canvas"}],"viewingHint":"paged","startCanvas":"https://sammlung.volkskundemuseum.at/i3f/v20/215569/canvas/218058","viewingDirection":"left-to-right","label":"Current Page Order","@context":"http://iiif.io/api/presentation/2/context.json","@id":"https://sammlung.volkskundemuseum.at/i3f/v20/215569/sequence/normal","@type":"sc:Sequence"}],"label":"pos/94: Zeichnung: M\u00e4nner aus Radkow bei Drewohostitz, M\u00e4hren","thumbnail":{"width":304,"height":453,"@id":"https://sammlung.volkskundemuseum.at/i3f/v21/218058/full/304/0/default.jpg","@type":"dctypes:Image","format":"image/jpeg"},"logo":{"@id":"https://sammlung.volkskundemuseum.at/domainresource/static/graphics/connectors/viewerLogo.gif","service":{"profile":"http://iiif.io/api/image/2/level2.json","@context":"http://iiif.io/api/image/2/context.json","@id":""}},"@context":"http://iiif.io/api/presentation/2/context.json","seeAlso":{"format":"application/xml","@id":"https://sammlung.volkskundemuseum.at/oai?verb=GetRecord&metadataPrefix=mets&identifier=215569","label":"METS"},"@id":"https://sammlung.volkskundemuseum.at/i3f/v20/215569/manifest","@type":"sc:Manifest","metadata":[{"value":"Die Fotografie ist im Aufsatz \"Die Bev\u00f6lkerung am \"Z\u00e1ho\u0159i\" in M\u00e4hren\" von P. Franz P\u0159ikryl in der Zeitschrift f\u00fcr \u00f6sterreichische Volkskunde von 1985, S. 197 mit der Bildunterschrift \"Burschen von Radkow in Sommertracht\" abgebildet.","label":"Beschreibung"},{"value":"Lischka, Robert Carl","label":"K\u00fcnstler:in / K\u00fcnstlergruppe / Grafiker:in"},{"value":"Klva\u0148a, Josef","label":"Beteiligt"},{"value":"M\u00e4hren (Herstellungsort Vorlage)   ; 23.07.1893 (Aufnahmedatum Vorlage, datiert) ; 1895 (datiert)","label":"Entstehung"},{"value":"Papier","label":"Material"},{"value":"Tusche, laviert","label":"Technik"},{"value":"Hochformat","label":"Format"},{"value":"Zeichnung: H: 33 cm B: 22 cm","label":"Abmessungen"},{"value":"Objekt","label":"Objekttyp"},{"value":"Zeichnung","label":"Objektart"},{"value":"pos/94","label":"Inventarnummer"},{"value":"94 /// Fig. 17. Zwei Burschen von Radkow bei Drzewohostitz. // (Nach einer von Professor Josef Klva\u0148a anl\u00e4sslich der ethnographischen // Ausstellung in Drzewohostitz am 23. Juli 1893 aufgenommenen Photographie. ) // auf 3/4 zu ver[?] Geh\u00f6rt zu P. Prikryl: Die Bev\u00f6lkerung aus Zahori in M\u00e4hren","label":"Inschrift / Aufschrift"},{"value":"[Schenkung?]","label":"Erwerbungsart"}]}