{"viewingHint":"paged","service":[],"structures":[{"ranges":["https://sammlung.volkskundemuseum.at/i3f/v20/212735/range/194780","https://sammlung.volkskundemuseum.at/i3f/v20/212735/range/213574","https://sammlung.volkskundemuseum.at/i3f/v20/212735/range/213575"],"viewingHint":"top","@id":"https://sammlung.volkskundemuseum.at/i3f/v20/212735/range/212735","@type":"sc:Range","label":"Table of Contents"},{"canvases":["https://sammlung.volkskundemuseum.at/i3f/v20/212735/canvas/194790"],"@id":"https://sammlung.volkskundemuseum.at/i3f/v20/212735/range/194780","@type":"sc:Range","label":"dig/9856: Volkskundemuseum Wien / Foto: Christa Knott"},{"canvases":["https://sammlung.volkskundemuseum.at/i3f/v20/212735/canvas/214246"],"@id":"https://sammlung.volkskundemuseum.at/i3f/v20/212735/range/213574","@type":"sc:Range","label":"dig/14977: Volkskundemuseum Wien"},{"canvases":["https://sammlung.volkskundemuseum.at/i3f/v20/212735/canvas/214247"],"@id":"https://sammlung.volkskundemuseum.at/i3f/v20/212735/range/213575","@type":"sc:Range","label":"dig/14978: Volkskundemuseum Wien"}],"sequences":[{"canvases":[{"height":3380,"width":3428,"images":[{"resource":{"service":{"profile":"http://iiif.io/api/image/2/level2.json","@context":"http://iiif.io/api/image/2/context.json","@id":"https://sammlung.volkskundemuseum.at/i3f/v20/194790"},"format":"image/jpeg","height":985,"width":1000,"@id":"https://sammlung.volkskundemuseum.at/download/webcache/1000/194790","@type":"dctypes:Image"},"on":"https://sammlung.volkskundemuseum.at/i3f/v20/212735/canvas/194790","motivation":"sc:painting","@id":"https://sammlung.volkskundemuseum.at/i3f/v20/212735/annotation/194790","@type":"oa:Annotation"}],"label":"[1]","@id":"https://sammlung.volkskundemuseum.at/i3f/v20/212735/canvas/194790","@type":"sc:Canvas"},{"height":1476,"width":2247,"images":[{"resource":{"service":{"profile":"http://iiif.io/api/image/2/level2.json","@context":"http://iiif.io/api/image/2/context.json","@id":"https://sammlung.volkskundemuseum.at/i3f/v20/214246"},"format":"image/jpeg","height":656,"width":1000,"@id":"https://sammlung.volkskundemuseum.at/download/webcache/1000/214246","@type":"dctypes:Image"},"on":"https://sammlung.volkskundemuseum.at/i3f/v20/212735/canvas/214246","motivation":"sc:painting","@id":"https://sammlung.volkskundemuseum.at/i3f/v20/212735/annotation/214246","@type":"oa:Annotation"}],"label":"[2]","@id":"https://sammlung.volkskundemuseum.at/i3f/v20/212735/canvas/214246","@type":"sc:Canvas"},{"height":3531,"width":2544,"images":[{"resource":{"service":{"profile":"http://iiif.io/api/image/2/level2.json","@context":"http://iiif.io/api/image/2/context.json","@id":"https://sammlung.volkskundemuseum.at/i3f/v20/214247"},"format":"image/jpeg","height":1387,"width":1000,"@id":"https://sammlung.volkskundemuseum.at/download/webcache/1000/214247","@type":"dctypes:Image"},"on":"https://sammlung.volkskundemuseum.at/i3f/v20/212735/canvas/214247","motivation":"sc:painting","@id":"https://sammlung.volkskundemuseum.at/i3f/v20/212735/annotation/214247","@type":"oa:Annotation"}],"label":"[3]","@id":"https://sammlung.volkskundemuseum.at/i3f/v20/212735/canvas/214247","@type":"sc:Canvas"}],"viewingHint":"paged","startCanvas":"https://sammlung.volkskundemuseum.at/i3f/v20/212735/canvas/194790","viewingDirection":"left-to-right","label":"Current Page Order","@context":"http://iiif.io/api/presentation/2/context.json","@id":"https://sammlung.volkskundemuseum.at/i3f/v20/212735/sequence/normal","@type":"sc:Sequence"}],"label":"pos/4871: Positiv: Schaftessle oder Schafzeichen, Visperterminen, Wallis, Schweiz","thumbnail":{"width":304,"height":299,"@id":"https://sammlung.volkskundemuseum.at/i3f/v21/194790/full/304/0/default.jpg","@type":"dctypes:Image","format":"image/jpeg"},"logo":{"@id":"https://sammlung.volkskundemuseum.at/domainresource/static/graphics/connectors/viewerLogo.gif","service":{"profile":"http://iiif.io/api/image/2/level2.json","@context":"http://iiif.io/api/image/2/context.json","@id":""}},"@context":"http://iiif.io/api/presentation/2/context.json","seeAlso":{"format":"application/xml","@id":"https://sammlung.volkskundemuseum.at/oai?verb=GetRecord&metadataPrefix=mets&identifier=212735","label":"METS"},"@id":"https://sammlung.volkskundemuseum.at/i3f/v20/212735/manifest","@type":"sc:Manifest","metadata":[{"value":"Silbergelatineabzug auf Archivkarton A4. Ein kleines Objekt in der Gestalt eines Schafes, gl\u00e4nzender K\u00f6rper und wei\u00dfe Augen. L\u00f6cher am R\u00fccken. Lederne Ohren.","label":"Beschreibung"},{"value":"Goldstern, Eugenie","label":"Fotograf:in"},{"value":"Wallis (Kanton) (Aufnahmeort)   ; Visperterminen (Aufnahmeort)   ; [1919?] (Aufnahmedatum)","label":"Entstehung"},{"value":"Papier, Fotografie ; Archivkarton, Fotografie","label":"Material"},{"value":"Silbergelatineabzug","label":"Technik"},{"value":"Querformat","label":"Format"},{"value":"Foto: H: 5,5 cm B: 8,9 cm Archivkarton A4","label":"Abmessungen"},{"value":"Objekt","label":"Objekttyp"},{"value":"Positiv, schwarz-wei\u00df auf Archivkarton","label":"Objektart"},{"value":"pos/4871","label":"Inventarnummer"},{"value":"Buchhaltung","label":"Assoziation"},{"value":"Schafzeichen // Geschenk von Frau Dr. E. Goldstern. /// Visperterminen, Wallis. /// 4871","label":"Inschrift / Aufschrift"},{"value":"Schenkung","label":"Erwerbungsart"}]}