{"viewingHint":"paged","service":[],"structures":[{"ranges":["https://sammlung.volkskundemuseum.at/i3f/v20/212732/range/213567","https://sammlung.volkskundemuseum.at/i3f/v20/212732/range/213568"],"viewingHint":"top","@id":"https://sammlung.volkskundemuseum.at/i3f/v20/212732/range/212732","@type":"sc:Range","label":"Table of Contents"},{"canvases":["https://sammlung.volkskundemuseum.at/i3f/v20/212732/canvas/214240"],"@id":"https://sammlung.volkskundemuseum.at/i3f/v20/212732/range/213567","@type":"sc:Range","label":"dig/14971: Volkskundemuseum Wien"},{"canvases":["https://sammlung.volkskundemuseum.at/i3f/v20/212732/canvas/214241"],"@id":"https://sammlung.volkskundemuseum.at/i3f/v20/212732/range/213568","@type":"sc:Range","label":"dig/14972: Volkskundemuseum Wien"}],"sequences":[{"canvases":[{"height":1378,"width":2959,"images":[{"resource":{"service":{"profile":"http://iiif.io/api/image/2/level2.json","@context":"http://iiif.io/api/image/2/context.json","@id":"https://sammlung.volkskundemuseum.at/i3f/v20/214240"},"format":"image/jpeg","height":465,"width":1000,"@id":"https://sammlung.volkskundemuseum.at/download/webcache/1000/214240","@type":"dctypes:Image"},"on":"https://sammlung.volkskundemuseum.at/i3f/v20/212732/canvas/214240","motivation":"sc:painting","@id":"https://sammlung.volkskundemuseum.at/i3f/v20/212732/annotation/214240","@type":"oa:Annotation"}],"label":"[1]","@id":"https://sammlung.volkskundemuseum.at/i3f/v20/212732/canvas/214240","@type":"sc:Canvas"},{"height":3535,"width":2548,"images":[{"resource":{"service":{"profile":"http://iiif.io/api/image/2/level2.json","@context":"http://iiif.io/api/image/2/context.json","@id":"https://sammlung.volkskundemuseum.at/i3f/v20/214241"},"format":"image/jpeg","height":1387,"width":1000,"@id":"https://sammlung.volkskundemuseum.at/download/webcache/1000/214241","@type":"dctypes:Image"},"on":"https://sammlung.volkskundemuseum.at/i3f/v20/212732/canvas/214241","motivation":"sc:painting","@id":"https://sammlung.volkskundemuseum.at/i3f/v20/212732/annotation/214241","@type":"oa:Annotation"}],"label":"[2]","@id":"https://sammlung.volkskundemuseum.at/i3f/v20/212732/canvas/214241","@type":"sc:Canvas"}],"viewingHint":"paged","startCanvas":"https://sammlung.volkskundemuseum.at/i3f/v20/212732/canvas/214240","viewingDirection":"left-to-right","label":"Current Page Order","@context":"http://iiif.io/api/presentation/2/context.json","@id":"https://sammlung.volkskundemuseum.at/i3f/v20/212732/sequence/normal","@type":"sc:Sequence"}],"label":"pos/4868/ab: Positiv: W\u00e4chtertessle und Wassertesslen, Oberwallis, Schweiz","thumbnail":{"width":304,"height":141,"@id":"https://sammlung.volkskundemuseum.at/i3f/v21/214240/full/304/0/default.jpg","@type":"dctypes:Image","format":"image/jpeg"},"logo":{"@id":"https://sammlung.volkskundemuseum.at/domainresource/static/graphics/connectors/viewerLogo.gif","service":{"profile":"http://iiif.io/api/image/2/level2.json","@context":"http://iiif.io/api/image/2/context.json","@id":""}},"@context":"http://iiif.io/api/presentation/2/context.json","seeAlso":{"format":"application/xml","@id":"https://sammlung.volkskundemuseum.at/oai?verb=GetRecord&metadataPrefix=mets&identifier=212732","label":"METS"},"@id":"https://sammlung.volkskundemuseum.at/i3f/v20/212732/manifest","@type":"sc:Manifest","metadata":[{"value":"Silbergelatineabzug auf Archivkarton A4. Oben (A): Eine Tessle (auch Tessel, Tesselstab, Tesselholz, Kerbholz), ein Holzstab mit  eingekerbten Familienzeichen der Haushalte, die die Reihenfolge des Nachtw\u00e4chterdienstes angeben. Unten (B) Eine Reihe von Tesslen aus Holz, die an einer Holzleiste an der Wand an Schn\u00fcren aufgeh\u00e4ngt sind. Es sind Wassertesseln (auch W\u00e4ssertesslen), auf denen die Wasserrechte eingetragen sind. An manchen Orten h\u00e4ngte man jeweils die Wassertessel desjenigen B\u00fcrgers vor das Gemeindehaus, der f\u00fcr die n\u00e4chsten Stunden sein Land w\u00e4ssern durfte.","label":"Beschreibung"},{"value":"Goldstern, Eugenie","label":"Fotograf:in"},{"value":"Wallis (Kanton) (Aufnahmeort)   ; Oberwallis (Aufnahmeort)   ; [1919?] (Aufnahmedatum)","label":"Entstehung"},{"value":"Papier, Fotografie ; Archivkarton, Fotografie","label":"Material"},{"value":"Silbergelatineabzug","label":"Technik"},{"value":"Querformat","label":"Format"},{"value":"Foto: H: 5,2 cm B: 11,9 cm Archivkarton A4","label":"Abmessungen"},{"value":"Objekt","label":"Objekttyp"},{"value":"Positiv, schwarz-wei\u00df auf Archivkarton","label":"Objektart"},{"value":"pos/4868/ab","label":"Inventarnummer"},{"value":"Buchhaltung","label":"Assoziation"},{"value":"A // B /// A W\u00e4chtertessle aus der Gemeinde Oberwallis // B Wassertessle aus der Gemeinde Feschel /// 4868","label":"Inschrift / Aufschrift"},{"value":"Schenkung","label":"Erwerbungsart"}]}