{"viewingHint":"paged","service":[],"structures":[{"ranges":["https://sammlung.volkskundemuseum.at/i3f/v20/212714/range/213528","https://sammlung.volkskundemuseum.at/i3f/v20/212714/range/213529"],"viewingHint":"top","@id":"https://sammlung.volkskundemuseum.at/i3f/v20/212714/range/212714","@type":"sc:Range","label":"Table of Contents"},{"canvases":["https://sammlung.volkskundemuseum.at/i3f/v20/212714/canvas/214204"],"@id":"https://sammlung.volkskundemuseum.at/i3f/v20/212714/range/213528","@type":"sc:Range","label":"dig/14947: Volkskundemuseum Wien"},{"canvases":["https://sammlung.volkskundemuseum.at/i3f/v20/212714/canvas/214205"],"@id":"https://sammlung.volkskundemuseum.at/i3f/v20/212714/range/213529","@type":"sc:Range","label":"dig/14948: Volkskundemuseum Wien"}],"sequences":[{"canvases":[{"height":2034,"width":2890,"images":[{"resource":{"service":{"profile":"http://iiif.io/api/image/2/level2.json","@context":"http://iiif.io/api/image/2/context.json","@id":"https://sammlung.volkskundemuseum.at/i3f/v20/214204"},"format":"image/jpeg","height":703,"width":1000,"@id":"https://sammlung.volkskundemuseum.at/download/webcache/1000/214204","@type":"dctypes:Image"},"on":"https://sammlung.volkskundemuseum.at/i3f/v20/212714/canvas/214204","motivation":"sc:painting","@id":"https://sammlung.volkskundemuseum.at/i3f/v20/212714/annotation/214204","@type":"oa:Annotation"}],"label":"[1]","@id":"https://sammlung.volkskundemuseum.at/i3f/v20/212714/canvas/214204","@type":"sc:Canvas"},{"height":3547,"width":2549,"images":[{"resource":{"service":{"profile":"http://iiif.io/api/image/2/level2.json","@context":"http://iiif.io/api/image/2/context.json","@id":"https://sammlung.volkskundemuseum.at/i3f/v20/214205"},"format":"image/jpeg","height":1391,"width":1000,"@id":"https://sammlung.volkskundemuseum.at/download/webcache/1000/214205","@type":"dctypes:Image"},"on":"https://sammlung.volkskundemuseum.at/i3f/v20/212714/canvas/214205","motivation":"sc:painting","@id":"https://sammlung.volkskundemuseum.at/i3f/v20/212714/annotation/214205","@type":"oa:Annotation"}],"label":"[2]","@id":"https://sammlung.volkskundemuseum.at/i3f/v20/212714/canvas/214205","@type":"sc:Canvas"}],"viewingHint":"paged","startCanvas":"https://sammlung.volkskundemuseum.at/i3f/v20/212714/canvas/214204","viewingDirection":"left-to-right","label":"Current Page Order","@context":"http://iiif.io/api/presentation/2/context.json","@id":"https://sammlung.volkskundemuseum.at/i3f/v20/212714/sequence/normal","@type":"sc:Sequence"}],"label":"pos/4513: Positiv: Almabtrieb, Gemeinde Abtenau, Salzburg","thumbnail":{"width":304,"height":213,"@id":"https://sammlung.volkskundemuseum.at/i3f/v21/214204/full/304/0/default.jpg","@type":"dctypes:Image","format":"image/jpeg"},"logo":{"@id":"https://sammlung.volkskundemuseum.at/domainresource/static/graphics/connectors/viewerLogo.gif","service":{"profile":"http://iiif.io/api/image/2/level2.json","@context":"http://iiif.io/api/image/2/context.json","@id":""}},"@context":"http://iiif.io/api/presentation/2/context.json","seeAlso":{"format":"application/xml","@id":"https://sammlung.volkskundemuseum.at/oai?verb=GetRecord&metadataPrefix=mets&identifier=212714","label":"METS"},"@id":"https://sammlung.volkskundemuseum.at/i3f/v20/212714/manifest","@type":"sc:Manifest","metadata":[{"value":"Kollodiumabzug (ungesichert) auf Archivkarton A4. Landarbeiter:innen in Festtrach, gemeinsam mit festlich geschm\u00fcckter Kuhherde posieren sie am Feld. Der Mann h\u00e4lt einen langen Holzstecken in der Hand. Im Hintergrund W\u00e4lder und Gebirge.\rHinweis zum Eintrag im Inventarbuch: Im Originaleintrag findet sich keine Nennung von Eugenie Goldstern. Erst in der Abschrift des Inventarbuchs wurde \"Aufn. Eugenie Goldstern 1916:\" und \"Goldstern\" nachgetragen, vermutlich von der ehemaligen Museumsmitarbeiterin Elfriede Lies.","label":"Beschreibung"},{"value":"Goldstern, Eugenie","label":"Fotograf:in"},{"value":"Abtenau (Aufnahmeort)   ; 1916 (Aufnahmedatum)","label":"Entstehung"},{"value":"Papier, Fotografie ; Archivkarton, Fotografie","label":"Material"},{"value":"Silbergelatineabzug","label":"Technik"},{"value":"Querformat","label":"Format"},{"value":"Foto: H: 8,2 cm B: 11,7 cm Archivkarton A4","label":"Abmessungen"},{"value":"Objekt","label":"Objekttyp"},{"value":"Positiv, schwarz-wei\u00df auf Archivkarton","label":"Objektart"},{"value":"pos/4513","label":"Inventarnummer"},{"value":"Landwirtschaft","label":"Assoziation"},{"value":"Heimkehr von der \"Alm\". /// Gem. Abtenau. /// 4513 /// Goldstern","label":"Inschrift / Aufschrift"},{"value":"Schenkung","label":"Erwerbungsart"}]}