{"viewingHint":"paged","service":[],"structures":[{"ranges":["https://sammlung.volkskundemuseum.at/i3f/v20/212691/range/213478","https://sammlung.volkskundemuseum.at/i3f/v20/212691/range/213479"],"viewingHint":"top","@id":"https://sammlung.volkskundemuseum.at/i3f/v20/212691/range/212691","@type":"sc:Range","label":"Table of Contents"},{"canvases":["https://sammlung.volkskundemuseum.at/i3f/v20/212691/canvas/214158"],"@id":"https://sammlung.volkskundemuseum.at/i3f/v20/212691/range/213478","@type":"sc:Range","label":"dig/14912: Volkskundemuseum Wien"},{"canvases":["https://sammlung.volkskundemuseum.at/i3f/v20/212691/canvas/214159"],"@id":"https://sammlung.volkskundemuseum.at/i3f/v20/212691/range/213479","@type":"sc:Range","label":"dig/14913: Volkskundemuseum Wien"}],"sequences":[{"canvases":[{"height":2919,"width":2244,"images":[{"resource":{"service":{"profile":"http://iiif.io/api/image/2/level2.json","@context":"http://iiif.io/api/image/2/context.json","@id":"https://sammlung.volkskundemuseum.at/i3f/v20/214158"},"format":"image/jpeg","height":1300,"width":1000,"@id":"https://sammlung.volkskundemuseum.at/download/webcache/1000/214158","@type":"dctypes:Image"},"on":"https://sammlung.volkskundemuseum.at/i3f/v20/212691/canvas/214158","motivation":"sc:painting","@id":"https://sammlung.volkskundemuseum.at/i3f/v20/212691/annotation/214158","@type":"oa:Annotation"}],"label":"[1]","@id":"https://sammlung.volkskundemuseum.at/i3f/v20/212691/canvas/214158","@type":"sc:Canvas"},{"height":3541,"width":2556,"images":[{"resource":{"service":{"profile":"http://iiif.io/api/image/2/level2.json","@context":"http://iiif.io/api/image/2/context.json","@id":"https://sammlung.volkskundemuseum.at/i3f/v20/214159"},"format":"image/jpeg","height":1385,"width":1000,"@id":"https://sammlung.volkskundemuseum.at/download/webcache/1000/214159","@type":"dctypes:Image"},"on":"https://sammlung.volkskundemuseum.at/i3f/v20/212691/canvas/214159","motivation":"sc:painting","@id":"https://sammlung.volkskundemuseum.at/i3f/v20/212691/annotation/214159","@type":"oa:Annotation"}],"label":"[2]","@id":"https://sammlung.volkskundemuseum.at/i3f/v20/212691/canvas/214159","@type":"sc:Canvas"}],"viewingHint":"paged","startCanvas":"https://sammlung.volkskundemuseum.at/i3f/v20/212691/canvas/214158","viewingDirection":"left-to-right","label":"Current Page Order","@context":"http://iiif.io/api/presentation/2/context.json","@id":"https://sammlung.volkskundemuseum.at/i3f/v20/212691/sequence/normal","@type":"sc:Sequence"}],"label":"pos/4498: Positiv: Herdanlage mit Rauchkobel in einer Sennh\u00fctte auf der Karalpe, Gemeinde Abtenau, Salzburg","thumbnail":{"width":304,"height":395,"@id":"https://sammlung.volkskundemuseum.at/i3f/v21/214158/full/304/0/default.jpg","@type":"dctypes:Image","format":"image/jpeg"},"logo":{"@id":"https://sammlung.volkskundemuseum.at/domainresource/static/graphics/connectors/viewerLogo.gif","service":{"profile":"http://iiif.io/api/image/2/level2.json","@context":"http://iiif.io/api/image/2/context.json","@id":""}},"@context":"http://iiif.io/api/presentation/2/context.json","seeAlso":{"format":"application/xml","@id":"https://sammlung.volkskundemuseum.at/oai?verb=GetRecord&metadataPrefix=mets&identifier=212691","label":"METS"},"@id":"https://sammlung.volkskundemuseum.at/i3f/v20/212691/manifest","@type":"sc:Manifest","metadata":[{"value":"Silbergelatineabzug auf Archivkarton A4. Innenraum einer Holzh\u00fctte mit einer erh\u00f6hten Herdanlage und einem h\u00e4ngenden Kochtopf.\rHinweis zum Eintrag im Inventarbuch: Im Originaleintrag findet sich keine Nennung von Eugenie Goldstern. Erst in der Abschrift des Inventarbuchs wurde \"Aufn. Eugenie Goldstern 1916:\" und \"Goldstern\" nachgetragen, vermutlich von der ehemaligen Museumsmitarbeiterin Elfriede Lies.","label":"Beschreibung"},{"value":"Goldstern, Eugenie","label":"Fotograf:in"},{"value":"Abtenau (Aufnahmeort)   ; 1916 (Aufnahmedatum)","label":"Entstehung"},{"value":"Papier, Fotografie ; Archivkarton, Fotografie","label":"Material"},{"value":"Silbergelatineabzug","label":"Technik"},{"value":"Querformat","label":"Format"},{"value":"Foto: H: 11,9 cm B: 8,9 cm Archivkarton A4","label":"Abmessungen"},{"value":"Objekt","label":"Objekttyp"},{"value":"Positiv, schwarz-wei\u00df auf Archivkarton","label":"Objektart"},{"value":"pos/4498","label":"Inventarnummer"},{"value":"Hausforschung","label":"Assoziation"},{"value":"[\u00d6MVARC/89] - Satzvorlage: Seite 21-24. In: Beitr\u00e4ge zur Volkskunde des Lammertales mit besonderer Ber\u00fccksichtigung von Abtenau (T\u00e4nnengau)[neg/1960] - Negativ: Herdanlage mit Rauchkobel in einer Sennh\u00fctte auf der Karalpe, Gemeinde Abtenau, Salzburg","label":"\u00c4hnliche Objekte"},{"value":"Herdanlagen in den Sennh\u00fctten. Ein Herd mit \u00fcberw\u00f6lbtem Rauchkogel auf der Karalpe. /// Gem. Abtenau /// 4498","label":"Inschrift / Aufschrift"},{"value":"Schenkung","label":"Erwerbungsart"}]}