{"viewingHint":"paged","service":[],"structures":[{"ranges":["https://sammlung.volkskundemuseum.at/i3f/v20/210341/range/211073","https://sammlung.volkskundemuseum.at/i3f/v20/210341/range/211074"],"viewingHint":"top","@id":"https://sammlung.volkskundemuseum.at/i3f/v20/210341/range/210341","@type":"sc:Range","label":"Table of Contents"},{"canvases":["https://sammlung.volkskundemuseum.at/i3f/v20/210341/canvas/211720"],"@id":"https://sammlung.volkskundemuseum.at/i3f/v20/210341/range/211073","@type":"sc:Range","label":"dig/21822: Volkskundemuseum Wien"},{"canvases":["https://sammlung.volkskundemuseum.at/i3f/v20/210341/canvas/211721"],"@id":"https://sammlung.volkskundemuseum.at/i3f/v20/210341/range/211074","@type":"sc:Range","label":"dig/21823: Volkskundemuseum Wien"}],"sequences":[{"canvases":[{"height":5443,"width":2799,"images":[{"resource":{"service":{"profile":"http://iiif.io/api/image/2/level2.json","@context":"http://iiif.io/api/image/2/context.json","@id":"https://sammlung.volkskundemuseum.at/i3f/v20/211720"},"format":"image/jpeg","height":1944,"width":1000,"@id":"https://sammlung.volkskundemuseum.at/download/webcache/1000/211720","@type":"dctypes:Image"},"on":"https://sammlung.volkskundemuseum.at/i3f/v20/210341/canvas/211720","motivation":"sc:painting","@id":"https://sammlung.volkskundemuseum.at/i3f/v20/210341/annotation/211720","@type":"oa:Annotation"}],"label":"[1]","@id":"https://sammlung.volkskundemuseum.at/i3f/v20/210341/canvas/211720","@type":"sc:Canvas"},{"height":5442,"width":2798,"images":[{"resource":{"service":{"profile":"http://iiif.io/api/image/2/level2.json","@context":"http://iiif.io/api/image/2/context.json","@id":"https://sammlung.volkskundemuseum.at/i3f/v20/211721"},"format":"image/jpeg","height":1944,"width":1000,"@id":"https://sammlung.volkskundemuseum.at/download/webcache/1000/211721","@type":"dctypes:Image"},"on":"https://sammlung.volkskundemuseum.at/i3f/v20/210341/canvas/211721","motivation":"sc:painting","@id":"https://sammlung.volkskundemuseum.at/i3f/v20/210341/annotation/211721","@type":"oa:Annotation"}],"label":"[2]","@id":"https://sammlung.volkskundemuseum.at/i3f/v20/210341/canvas/211721","@type":"sc:Canvas"}],"viewingHint":"paged","startCanvas":"https://sammlung.volkskundemuseum.at/i3f/v20/210341/canvas/211720","viewingDirection":"left-to-right","label":"Current Page Order","@context":"http://iiif.io/api/presentation/2/context.json","@id":"https://sammlung.volkskundemuseum.at/i3f/v20/210341/sequence/normal","@type":"sc:Sequence"}],"label":"A\u00d6MV/9287: Andachtsbild mit Pr\u00e4gestanzspitze: St. Corona am Wechsel (Nieder\u00f6sterreich)","thumbnail":{"width":304,"height":591,"@id":"https://sammlung.volkskundemuseum.at/i3f/v21/211720/full/304/0/default.jpg","@type":"dctypes:Image","format":"image/jpeg"},"logo":{"@id":"https://sammlung.volkskundemuseum.at/domainresource/static/graphics/connectors/viewerLogo.gif","service":{"profile":"http://iiif.io/api/image/2/level2.json","@context":"http://iiif.io/api/image/2/context.json","@id":""}},"@context":"http://iiif.io/api/presentation/2/context.json","seeAlso":{"format":"application/xml","@id":"https://sammlung.volkskundemuseum.at/oai?verb=GetRecord&metadataPrefix=mets&identifier=210341","label":"METS"},"@id":"https://sammlung.volkskundemuseum.at/i3f/v20/210341/manifest","@type":"sc:Manifest","metadata":[{"value":"Gugitz, Gustav","label":"Sammler:in"},{"value":"Fischer, Gregor","label":"Verlag"},{"value":"Innsbruck (Herstellungsort)   ; Ende 19. Jh.-Anfang 20. Jh.","label":"Entstehung"},{"value":"Glanzpapier","label":"Material"},{"value":"Pr\u00e4ge-Stanz-Spitze ; Farblithografie","label":"Technik"},{"value":"H: 10,9 cm B: 5,2 cm","label":"Abmessungen"},{"value":"Objekt","label":"Objekttyp"},{"value":"Andachtsbild, kleines  ; Spitzenbild, gestanzt","label":"Objektart"},{"value":"A\u00d6MV/9287","label":"Inventarnummer"},{"value":"Ankauf","label":"Erwerbungsart"}]}