{"viewingHint":"paged","service":[],"structures":[{"ranges":["https://sammlung.volkskundemuseum.at/i3f/v20/210248/range/210850","https://sammlung.volkskundemuseum.at/i3f/v20/210248/range/210851"],"viewingHint":"top","@id":"https://sammlung.volkskundemuseum.at/i3f/v20/210248/range/210248","@type":"sc:Range","label":"Table of Contents"},{"canvases":["https://sammlung.volkskundemuseum.at/i3f/v20/210248/canvas/211531"],"@id":"https://sammlung.volkskundemuseum.at/i3f/v20/210248/range/210850","@type":"sc:Range","label":"dig/21643: Volkskundemuseum Wien"},{"canvases":["https://sammlung.volkskundemuseum.at/i3f/v20/210248/canvas/211532"],"@id":"https://sammlung.volkskundemuseum.at/i3f/v20/210248/range/210851","@type":"sc:Range","label":"dig/21644: Volkskundemuseum Wien"}],"sequences":[{"canvases":[{"height":6161,"width":3995,"images":[{"resource":{"service":{"profile":"http://iiif.io/api/image/2/level2.json","@context":"http://iiif.io/api/image/2/context.json","@id":"https://sammlung.volkskundemuseum.at/i3f/v20/211531"},"format":"image/jpeg","height":1542,"width":1000,"@id":"https://sammlung.volkskundemuseum.at/download/webcache/1000/211531","@type":"dctypes:Image"},"on":"https://sammlung.volkskundemuseum.at/i3f/v20/210248/canvas/211531","motivation":"sc:painting","@id":"https://sammlung.volkskundemuseum.at/i3f/v20/210248/annotation/211531","@type":"oa:Annotation"}],"label":"[1]","@id":"https://sammlung.volkskundemuseum.at/i3f/v20/210248/canvas/211531","@type":"sc:Canvas"},{"height":6162,"width":3996,"images":[{"resource":{"service":{"profile":"http://iiif.io/api/image/2/level2.json","@context":"http://iiif.io/api/image/2/context.json","@id":"https://sammlung.volkskundemuseum.at/i3f/v20/211532"},"format":"image/jpeg","height":1542,"width":1000,"@id":"https://sammlung.volkskundemuseum.at/download/webcache/1000/211532","@type":"dctypes:Image"},"on":"https://sammlung.volkskundemuseum.at/i3f/v20/210248/canvas/211532","motivation":"sc:painting","@id":"https://sammlung.volkskundemuseum.at/i3f/v20/210248/annotation/211532","@type":"oa:Annotation"}],"label":"[2]","@id":"https://sammlung.volkskundemuseum.at/i3f/v20/210248/canvas/211532","@type":"sc:Canvas"}],"viewingHint":"paged","startCanvas":"https://sammlung.volkskundemuseum.at/i3f/v20/210248/canvas/211531","viewingDirection":"left-to-right","label":"Current Page Order","@context":"http://iiif.io/api/presentation/2/context.json","@id":"https://sammlung.volkskundemuseum.at/i3f/v20/210248/sequence/normal","@type":"sc:Sequence"}],"label":"A\u00d6MV/9195: Andachtsbild: Bozen, Herz-Jesu-Bild von Johann Josef Karl Henrici","thumbnail":{"width":304,"height":468,"@id":"https://sammlung.volkskundemuseum.at/i3f/v21/211531/full/304/0/default.jpg","@type":"dctypes:Image","format":"image/jpeg"},"logo":{"@id":"https://sammlung.volkskundemuseum.at/domainresource/static/graphics/connectors/viewerLogo.gif","service":{"profile":"http://iiif.io/api/image/2/level2.json","@context":"http://iiif.io/api/image/2/context.json","@id":""}},"@context":"http://iiif.io/api/presentation/2/context.json","seeAlso":{"format":"application/xml","@id":"https://sammlung.volkskundemuseum.at/oai?verb=GetRecord&metadataPrefix=mets&identifier=210248","label":"METS"},"@id":"https://sammlung.volkskundemuseum.at/i3f/v20/210248/manifest","@type":"sc:Manifest","metadata":[{"value":"Gugitz, Gustav","label":"Sammler:in"},{"value":"Henrici, Johann Josef Karl","label":"Beteiligt"},{"value":"Auer & Comp., Alois","label":"Druck"},{"value":"Auer & Comp., Alois","label":"Verlag"},{"value":"Bozen (Druckort)   ; Bozen (Verlagsort)   ; 1896 (datiert)","label":"Entstehung"},{"value":"Papier","label":"Material"},{"value":"Farblithografie","label":"Technik"},{"value":"H: 12,5 cm B: 7,8 cm","label":"Abmessungen"},{"value":"Objekt","label":"Objekttyp"},{"value":"Andachtsbild, kleines","label":"Objektart"},{"value":"A\u00d6MV/9195","label":"Inventarnummer"},{"value":"Jubil\u00e4um","label":"Assoziation"},{"value":"Jubil\u00e4um, 100 Jahre Tiroler Herz-Jesu-Bund 1896","label":"Abgebildetes Ereignis"},{"value":"Zur Erinnerung an die 100j\u00e4hrige Feier des Bundes Tirol mit dem Herzen Jesu im Jahre 1896.","label":"Inschrift / Aufschrift"},{"value":"Ankauf","label":"Erwerbungsart"}]}