{"viewingHint":"paged","service":[],"structures":[{"ranges":["https://sammlung.volkskundemuseum.at/i3f/v20/210245/range/210844","https://sammlung.volkskundemuseum.at/i3f/v20/210245/range/210845"],"viewingHint":"top","@id":"https://sammlung.volkskundemuseum.at/i3f/v20/210245/range/210245","@type":"sc:Range","label":"Table of Contents"},{"canvases":["https://sammlung.volkskundemuseum.at/i3f/v20/210245/canvas/211526"],"@id":"https://sammlung.volkskundemuseum.at/i3f/v20/210245/range/210844","@type":"sc:Range","label":"dig/21638: Volkskundemuseum Wien"},{"canvases":["https://sammlung.volkskundemuseum.at/i3f/v20/210245/canvas/211527"],"@id":"https://sammlung.volkskundemuseum.at/i3f/v20/210245/range/210845","@type":"sc:Range","label":"dig/21639: Volkskundemuseum Wien"}],"sequences":[{"canvases":[{"height":6546,"width":4275,"images":[{"resource":{"service":{"profile":"http://iiif.io/api/image/2/level2.json","@context":"http://iiif.io/api/image/2/context.json","@id":"https://sammlung.volkskundemuseum.at/i3f/v20/211526"},"format":"image/jpeg","height":1531,"width":1000,"@id":"https://sammlung.volkskundemuseum.at/download/webcache/1000/211526","@type":"dctypes:Image"},"on":"https://sammlung.volkskundemuseum.at/i3f/v20/210245/canvas/211526","motivation":"sc:painting","@id":"https://sammlung.volkskundemuseum.at/i3f/v20/210245/annotation/211526","@type":"oa:Annotation"}],"label":"[1]","@id":"https://sammlung.volkskundemuseum.at/i3f/v20/210245/canvas/211526","@type":"sc:Canvas"},{"height":6545,"width":4275,"images":[{"resource":{"service":{"profile":"http://iiif.io/api/image/2/level2.json","@context":"http://iiif.io/api/image/2/context.json","@id":"https://sammlung.volkskundemuseum.at/i3f/v20/211527"},"format":"image/jpeg","height":1530,"width":1000,"@id":"https://sammlung.volkskundemuseum.at/download/webcache/1000/211527","@type":"dctypes:Image"},"on":"https://sammlung.volkskundemuseum.at/i3f/v20/210245/canvas/211527","motivation":"sc:painting","@id":"https://sammlung.volkskundemuseum.at/i3f/v20/210245/annotation/211527","@type":"oa:Annotation"}],"label":"[2]","@id":"https://sammlung.volkskundemuseum.at/i3f/v20/210245/canvas/211527","@type":"sc:Canvas"}],"viewingHint":"paged","startCanvas":"https://sammlung.volkskundemuseum.at/i3f/v20/210245/canvas/211526","viewingDirection":"left-to-right","label":"Current Page Order","@context":"http://iiif.io/api/presentation/2/context.json","@id":"https://sammlung.volkskundemuseum.at/i3f/v20/210245/sequence/normal","@type":"sc:Sequence"}],"label":"A\u00d6MV/9192: Andachtsbild (Sterbeandenken): Bozen (S\u00fcdtirol, Italien)","thumbnail":{"width":304,"height":465,"@id":"https://sammlung.volkskundemuseum.at/i3f/v21/211526/full/304/0/default.jpg","@type":"dctypes:Image","format":"image/jpeg"},"logo":{"@id":"https://sammlung.volkskundemuseum.at/domainresource/static/graphics/connectors/viewerLogo.gif","service":{"profile":"http://iiif.io/api/image/2/level2.json","@context":"http://iiif.io/api/image/2/context.json","@id":""}},"@context":"http://iiif.io/api/presentation/2/context.json","seeAlso":{"format":"application/xml","@id":"https://sammlung.volkskundemuseum.at/oai?verb=GetRecord&metadataPrefix=mets&identifier=210245","label":"METS"},"@id":"https://sammlung.volkskundemuseum.at/i3f/v20/210245/manifest","@type":"sc:Manifest","metadata":[{"value":"Gugitz, Gustav","label":"Sammler:in"},{"value":"Serz & Co.","label":"Beteiligt"},{"value":"Widmann, Mathias","label":"Beteiligt"},{"value":"Eberle\u00b4sche Buchdruckerei","label":"Druck"},{"value":"N\u00fcrnberg (Herstellungsort Vorlage)   ; Bozen (Druckort)   ; um 1850","label":"Entstehung"},{"value":"unbekannt (Verwendungsort)  ; 1856 (datiert)","label":"Verwendung"},{"value":"Papier","label":"Material"},{"value":"Stahlstich","label":"Technik"},{"value":"H: 13,2 cm B: 8,3 cm","label":"Abmessungen"},{"value":"Objekt","label":"Objekttyp"},{"value":"Andachtsbild, kleines  ; Sterbeandenken","label":"Objektart"},{"value":"A\u00d6MV/9192","label":"Inventarnummer"},{"value":"Christliches Andenken // an // Mathias Widmann, Oberkampiller-Bauer, // welcher durch die h. Sterbesakramente gest\u00e4rkt ganz dem Willen Gottes ergeben, in seiner acht- t\u00e4gigen Krankheit Tag und Nacht bis zum letzten Augenblicke betend, voll Vertrauen auf Jesus und Maria, und mit gr\u00f6\u00dfter Sehnsucht aufgel\u00f6st zu werden und bei Christus zu sein, den 27. M\u00e4rz 1856 in seinem 61. Lebensjahre selig im Herrn entschlafen ist.","label":"Inschrift / Aufschrift"},{"value":"Ankauf","label":"Erwerbungsart"}]}