{"viewingHint":"paged","service":[],"structures":[{"ranges":["https://sammlung.volkskundemuseum.at/i3f/v20/206473/range/206898","https://sammlung.volkskundemuseum.at/i3f/v20/206473/range/206899"],"viewingHint":"top","@id":"https://sammlung.volkskundemuseum.at/i3f/v20/206473/range/206473","@type":"sc:Range","label":"Table of Contents"},{"canvases":["https://sammlung.volkskundemuseum.at/i3f/v20/206473/canvas/207280"],"@id":"https://sammlung.volkskundemuseum.at/i3f/v20/206473/range/206898","@type":"sc:Range","label":"dig/15544: Volkskundemuseum Wien"},{"canvases":["https://sammlung.volkskundemuseum.at/i3f/v20/206473/canvas/207281"],"@id":"https://sammlung.volkskundemuseum.at/i3f/v20/206473/range/206899","@type":"sc:Range","label":"dig/15545: Volkskundemuseum Wien"}],"sequences":[{"canvases":[{"height":4538,"width":2690,"images":[{"resource":{"service":{"profile":"http://iiif.io/api/image/2/level2.json","@context":"http://iiif.io/api/image/2/context.json","@id":"https://sammlung.volkskundemuseum.at/i3f/v20/207280"},"format":"image/jpeg","height":1686,"width":1000,"@id":"https://sammlung.volkskundemuseum.at/download/webcache/1000/207280","@type":"dctypes:Image"},"on":"https://sammlung.volkskundemuseum.at/i3f/v20/206473/canvas/207280","motivation":"sc:painting","@id":"https://sammlung.volkskundemuseum.at/i3f/v20/206473/annotation/207280","@type":"oa:Annotation"}],"label":"[1]","@id":"https://sammlung.volkskundemuseum.at/i3f/v20/206473/canvas/207280","@type":"sc:Canvas"},{"height":4539,"width":2689,"images":[{"resource":{"service":{"profile":"http://iiif.io/api/image/2/level2.json","@context":"http://iiif.io/api/image/2/context.json","@id":"https://sammlung.volkskundemuseum.at/i3f/v20/207281"},"format":"image/jpeg","height":1687,"width":1000,"@id":"https://sammlung.volkskundemuseum.at/download/webcache/1000/207281","@type":"dctypes:Image"},"on":"https://sammlung.volkskundemuseum.at/i3f/v20/206473/canvas/207281","motivation":"sc:painting","@id":"https://sammlung.volkskundemuseum.at/i3f/v20/206473/annotation/207281","@type":"oa:Annotation"}],"label":"[2]","@id":"https://sammlung.volkskundemuseum.at/i3f/v20/206473/canvas/207281","@type":"sc:Canvas"}],"viewingHint":"paged","startCanvas":"https://sammlung.volkskundemuseum.at/i3f/v20/206473/canvas/207280","viewingDirection":"left-to-right","label":"Current Page Order","@context":"http://iiif.io/api/presentation/2/context.json","@id":"https://sammlung.volkskundemuseum.at/i3f/v20/206473/sequence/normal","@type":"sc:Sequence"}],"label":"A\u00d6MV/15157: Andachtsbild: Mari\u00e4 Namensfest (T\u00fcrkenbelagerung)","thumbnail":{"width":304,"height":512,"@id":"https://sammlung.volkskundemuseum.at/i3f/v21/207280/full/304/0/default.jpg","@type":"dctypes:Image","format":"image/jpeg"},"logo":{"@id":"https://sammlung.volkskundemuseum.at/domainresource/static/graphics/connectors/viewerLogo.gif","service":{"profile":"http://iiif.io/api/image/2/level2.json","@context":"http://iiif.io/api/image/2/context.json","@id":""}},"@context":"http://iiif.io/api/presentation/2/context.json","seeAlso":{"format":"application/xml","@id":"https://sammlung.volkskundemuseum.at/oai?verb=GetRecord&metadataPrefix=mets&identifier=206473","label":"METS"},"@id":"https://sammlung.volkskundemuseum.at/i3f/v20/206473/manifest","@type":"sc:Manifest","metadata":[{"value":"Im Bildvordergrund sind Papst Innozenz XI. und Prinz Eugen abgebildet, im Bildhintergrund die Zweite Wiener T\u00fcrkenbelagerung von 1683. In der Mitte des Andachtsbildes ist ein Doppeladler abgebildet, der den Halbmond zerbricht. Dar\u00fcber sind Marienmonogramm und Engelsk\u00f6pfe dargestellt.\rAuf der R\u00fcckseite befindet sich der handschriftliche Vermerk \"Sehr rar!\"\rBezeichnet \"C.P.S.C.M.\" und \"G\u00f6z et Klauber Cath. Sc. et exc. A. V.\"","label":"Beschreibung"},{"value":"Gugitz, Gustav","label":"Sammler:in"},{"value":"G\u00f6z et Klauber","label":"Stecher:in"},{"value":"G\u00f6z et Klauber","label":"Verlag"},{"value":"Augsburg (Druckort)   ; Augsburg (Verlagsort)   ; um 1740","label":"Entstehung"},{"value":"Papier","label":"Material"},{"value":"Kupferstich und Radierung","label":"Technik"},{"value":"H: 14,1 cm B: 8,2 cm","label":"Abmessungen"},{"value":"Objekt","label":"Objekttyp"},{"value":"Andachtsbild, kleines","label":"Objektart"},{"value":"A\u00d6MV/15157","label":"Inventarnummer"},{"value":"Andachtsbild, selten","label":"Assoziation"},{"value":"Zweite Wiener T\u00fcrkenbelagerung","label":"Abgebildetes Ereignis"},{"value":"Ankauf","label":"Erwerbungsart"}]}