{"viewingHint":"paged","service":[],"structures":[{"ranges":["https://sammlung.volkskundemuseum.at/i3f/v20/206277/range/206506"],"viewingHint":"top","@id":"https://sammlung.volkskundemuseum.at/i3f/v20/206277/range/206277","@type":"sc:Range","label":"Table of Contents"},{"canvases":["https://sammlung.volkskundemuseum.at/i3f/v20/206277/canvas/206984"],"@id":"https://sammlung.volkskundemuseum.at/i3f/v20/206277/range/206506","@type":"sc:Range","label":"dig/15247: Volkskundemuseum Wien"}],"sequences":[{"canvases":[{"height":5017,"width":3257,"images":[{"resource":{"service":{"profile":"http://iiif.io/api/image/2/level2.json","@context":"http://iiif.io/api/image/2/context.json","@id":"https://sammlung.volkskundemuseum.at/i3f/v20/206984"},"format":"image/jpeg","height":1540,"width":1000,"@id":"https://sammlung.volkskundemuseum.at/download/webcache/1000/206984","@type":"dctypes:Image"},"on":"https://sammlung.volkskundemuseum.at/i3f/v20/206277/canvas/206984","motivation":"sc:painting","@id":"https://sammlung.volkskundemuseum.at/i3f/v20/206277/annotation/206984","@type":"oa:Annotation"}],"label":"[1]","@id":"https://sammlung.volkskundemuseum.at/i3f/v20/206277/canvas/206984","@type":"sc:Canvas"}],"viewingHint":"paged","startCanvas":"https://sammlung.volkskundemuseum.at/i3f/v20/206277/canvas/206984","viewingDirection":"left-to-right","label":"Current Page Order","@context":"http://iiif.io/api/presentation/2/context.json","@id":"https://sammlung.volkskundemuseum.at/i3f/v20/206277/sequence/normal","@type":"sc:Sequence"}],"label":"A\u00d6MV/14963: Andachtsbild: Geburt Mariens","thumbnail":{"width":304,"height":468,"@id":"https://sammlung.volkskundemuseum.at/i3f/v21/206984/full/304/0/default.jpg","@type":"dctypes:Image","format":"image/jpeg"},"logo":{"@id":"https://sammlung.volkskundemuseum.at/domainresource/static/graphics/connectors/viewerLogo.gif","service":{"profile":"http://iiif.io/api/image/2/level2.json","@context":"http://iiif.io/api/image/2/context.json","@id":""}},"@context":"http://iiif.io/api/presentation/2/context.json","seeAlso":{"format":"application/xml","@id":"https://sammlung.volkskundemuseum.at/oai?verb=GetRecord&metadataPrefix=mets&identifier=206277","label":"METS"},"@id":"https://sammlung.volkskundemuseum.at/i3f/v20/206277/manifest","@type":"sc:Manifest","metadata":[{"value":"Andachtsbild: Abgebildet ist die Geburt Mariens. Anna und Joachim halten Maria als Wickelkind \u00fcber der Wiege in die H\u00f6he. \u00dcber ihnen schwebt der Heilige Geist in Taubenform.\rBezeichnet \"C.P.Maj.\", \"201\" und \"M. Engelbr: exc. A.V.\"","label":"Beschreibung"},{"value":"Gugitz, Gustav","label":"Sammler:in"},{"value":"Engelbrecht, Martin","label":"Verlag"},{"value":"Augsburg (Verlagsort)   ; 1. H\u00e4lfte 18. Jh.","label":"Entstehung"},{"value":"Papier","label":"Material"},{"value":"Kupferstich","label":"Technik"},{"value":"H: 10,2 cm B: 6,5 cm","label":"Abmessungen"},{"value":"Objekt","label":"Objekttyp"},{"value":"Andachtsbild, kleines","label":"Objektart"},{"value":"A\u00d6MV/14963","label":"Inventarnummer"},{"value":"Ankauf","label":"Erwerbungsart"}]}