{"viewingHint":"paged","service":[],"structures":[{"ranges":["https://sammlung.volkskundemuseum.at/i3f/v20/203938/range/204308","https://sammlung.volkskundemuseum.at/i3f/v20/203938/range/204309"],"viewingHint":"top","@id":"https://sammlung.volkskundemuseum.at/i3f/v20/203938/range/203938","@type":"sc:Range","label":"Table of Contents"},{"canvases":["https://sammlung.volkskundemuseum.at/i3f/v20/203938/canvas/205060"],"@id":"https://sammlung.volkskundemuseum.at/i3f/v20/203938/range/204308","@type":"sc:Range","label":"dig/15630: Volkskundemuseum Wien"},{"canvases":["https://sammlung.volkskundemuseum.at/i3f/v20/203938/canvas/205061"],"@id":"https://sammlung.volkskundemuseum.at/i3f/v20/203938/range/204309","@type":"sc:Range","label":"dig/15631: Volkskundemuseum Wien"}],"sequences":[{"canvases":[{"height":4447,"width":2736,"images":[{"resource":{"service":{"profile":"http://iiif.io/api/image/2/level2.json","@context":"http://iiif.io/api/image/2/context.json","@id":"https://sammlung.volkskundemuseum.at/i3f/v20/205060"},"format":"image/jpeg","height":1625,"width":1000,"@id":"https://sammlung.volkskundemuseum.at/download/webcache/1000/205060","@type":"dctypes:Image"},"on":"https://sammlung.volkskundemuseum.at/i3f/v20/203938/canvas/205060","motivation":"sc:painting","@id":"https://sammlung.volkskundemuseum.at/i3f/v20/203938/annotation/205060","@type":"oa:Annotation"}],"label":"[1]","@id":"https://sammlung.volkskundemuseum.at/i3f/v20/203938/canvas/205060","@type":"sc:Canvas"},{"height":4447,"width":2735,"images":[{"resource":{"service":{"profile":"http://iiif.io/api/image/2/level2.json","@context":"http://iiif.io/api/image/2/context.json","@id":"https://sammlung.volkskundemuseum.at/i3f/v20/205061"},"format":"image/jpeg","height":1625,"width":1000,"@id":"https://sammlung.volkskundemuseum.at/download/webcache/1000/205061","@type":"dctypes:Image"},"on":"https://sammlung.volkskundemuseum.at/i3f/v20/203938/canvas/205061","motivation":"sc:painting","@id":"https://sammlung.volkskundemuseum.at/i3f/v20/203938/annotation/205061","@type":"oa:Annotation"}],"label":"[2]","@id":"https://sammlung.volkskundemuseum.at/i3f/v20/203938/canvas/205061","@type":"sc:Canvas"}],"viewingHint":"paged","startCanvas":"https://sammlung.volkskundemuseum.at/i3f/v20/203938/canvas/205060","viewingDirection":"left-to-right","label":"Current Page Order","@context":"http://iiif.io/api/presentation/2/context.json","@id":"https://sammlung.volkskundemuseum.at/i3f/v20/203938/sequence/normal","@type":"sc:Sequence"}],"label":"A\u00d6MV/16536: Andachtsbild mit Schleier: Alt\u00f6tting (Deutschland)","thumbnail":{"width":304,"height":494,"@id":"https://sammlung.volkskundemuseum.at/i3f/v21/205060/full/304/0/default.jpg","@type":"dctypes:Image","format":"image/jpeg"},"logo":{"@id":"https://sammlung.volkskundemuseum.at/domainresource/static/graphics/connectors/viewerLogo.gif","service":{"profile":"http://iiif.io/api/image/2/level2.json","@context":"http://iiif.io/api/image/2/context.json","@id":""}},"@context":"http://iiif.io/api/presentation/2/context.json","seeAlso":{"format":"application/xml","@id":"https://sammlung.volkskundemuseum.at/oai?verb=GetRecord&metadataPrefix=mets&identifier=203938","label":"METS"},"@id":"https://sammlung.volkskundemuseum.at/i3f/v20/203938/manifest","@type":"sc:Manifest","metadata":[{"value":"Gugitz, Gustav","label":"Sammler:in"},{"value":"unbekannt","label":"Hersteller:in"},{"value":"unbekannt (Herstellungsort)  ; 1899","label":"Entstehung"},{"value":"unbekannt (Verwendungsort)  ; 09.1899 (datiert)","label":"Verwendung"},{"value":"Papier ; Gaze ; Silberpapier","label":"Material"},{"value":"gedruckt (Papier)","label":"Technik"},{"value":"H: 9,1 cm B: 5,5 cm","label":"Abmessungen"},{"value":"Objekt","label":"Objekttyp"},{"value":"Andachtsbild, kleines","label":"Objektart"},{"value":"A\u00d6MV/16536","label":"Inventarnummer"},{"value":"Jubil\u00e4um, 300 Jahre Marianische Congregation Alt\u00f6tting","label":"Assoziation"},{"value":"Ankauf","label":"Erwerbungsart"}]}