{"viewingHint":"paged","service":[],"structures":[{"ranges":["https://sammlung.volkskundemuseum.at/i3f/v20/198199/range/198299","https://sammlung.volkskundemuseum.at/i3f/v20/198199/range/198300"],"viewingHint":"top","@id":"https://sammlung.volkskundemuseum.at/i3f/v20/198199/range/198199","@type":"sc:Range","label":"Table of Contents"},{"canvases":["https://sammlung.volkskundemuseum.at/i3f/v20/198199/canvas/198427"],"@id":"https://sammlung.volkskundemuseum.at/i3f/v20/198199/range/198299","@type":"sc:Range","label":"dig/14325: Volkskundemuseum Wien"},{"canvases":["https://sammlung.volkskundemuseum.at/i3f/v20/198199/canvas/198428"],"@id":"https://sammlung.volkskundemuseum.at/i3f/v20/198199/range/198300","@type":"sc:Range","label":"dig/14326: Volkskundemuseum Wien"}],"sequences":[{"canvases":[{"height":2296,"width":3481,"images":[{"resource":{"service":{"profile":"http://iiif.io/api/image/2/level2.json","@context":"http://iiif.io/api/image/2/context.json","@id":"https://sammlung.volkskundemuseum.at/i3f/v20/198427"},"format":"image/jpeg","height":659,"width":1000,"@id":"https://sammlung.volkskundemuseum.at/download/webcache/1000/198427","@type":"dctypes:Image"},"on":"https://sammlung.volkskundemuseum.at/i3f/v20/198199/canvas/198427","motivation":"sc:painting","@id":"https://sammlung.volkskundemuseum.at/i3f/v20/198199/annotation/198427","@type":"oa:Annotation"}],"label":"[1]","@id":"https://sammlung.volkskundemuseum.at/i3f/v20/198199/canvas/198427","@type":"sc:Canvas"},{"height":1144,"width":1741,"images":[{"resource":{"service":{"profile":"http://iiif.io/api/image/2/level2.json","@context":"http://iiif.io/api/image/2/context.json","@id":"https://sammlung.volkskundemuseum.at/i3f/v20/198428"},"format":"image/jpeg","height":657,"width":1000,"@id":"https://sammlung.volkskundemuseum.at/download/webcache/1000/198428","@type":"dctypes:Image"},"on":"https://sammlung.volkskundemuseum.at/i3f/v20/198199/canvas/198428","motivation":"sc:painting","@id":"https://sammlung.volkskundemuseum.at/i3f/v20/198199/annotation/198428","@type":"oa:Annotation"}],"label":"[2]","@id":"https://sammlung.volkskundemuseum.at/i3f/v20/198199/canvas/198428","@type":"sc:Canvas"}],"viewingHint":"paged","startCanvas":"https://sammlung.volkskundemuseum.at/i3f/v20/198199/canvas/198427","viewingDirection":"left-to-right","label":"Current Page Order","@context":"http://iiif.io/api/presentation/2/context.json","@id":"https://sammlung.volkskundemuseum.at/i3f/v20/198199/sequence/normal","@type":"sc:Sequence"}],"label":"A\u00d6MV/2849: Ansichtskarte: Trachtenbild, Val d'Illiez, Wallis, Schweiz","thumbnail":{"width":304,"height":200,"@id":"https://sammlung.volkskundemuseum.at/i3f/v21/198427/full/304/0/default.jpg","@type":"dctypes:Image","format":"image/jpeg"},"logo":{"@id":"https://sammlung.volkskundemuseum.at/domainresource/static/graphics/connectors/viewerLogo.gif","service":{"profile":"http://iiif.io/api/image/2/level2.json","@context":"http://iiif.io/api/image/2/context.json","@id":""}},"@context":"http://iiif.io/api/presentation/2/context.json","seeAlso":{"format":"application/xml","@id":"https://sammlung.volkskundemuseum.at/oai?verb=GetRecord&metadataPrefix=mets&identifier=198199","label":"METS"},"@id":"https://sammlung.volkskundemuseum.at/i3f/v20/198199/manifest","@type":"sc:Manifest","metadata":[{"value":"Ansichtskarte, schwarz-wei\u00df. Gruppenaufnahme auf einer Wiese vor einem Haus. Frauen und M\u00e4nner in Tracht, Spielm\u00e4nner. Viele mit Kr\u00fcgen, Musikinstrumenten, Fahnen, dazu ein Spinnrad.","label":"Beschreibung"},{"value":"Heyraud, Romain-Adolphe","label":"Fotograf:in"},{"value":"Goldstern, Eugenie","label":"Vorbesitzer:in"},{"value":"R. Heyraud Phot Editeur","label":"Verlag"},{"value":"Val d'Illiez (Aufnahmeort)  ; Saint-Maurice VS (Verlagsort)   ; vor 1915 (Aufnahmedatum) ; vor 1915","label":"Entstehung"},{"value":"Papier","label":"Material"},{"value":"Druckverfahren (Fotografie), Postkarte","label":"Technik"},{"value":"Querformat ; Postkarte","label":"Format"},{"value":"H: 9 cm B: 13,8 cm","label":"Abmessungen"},{"value":"Objekt","label":"Objekttyp"},{"value":"Ansichtskarte, schwarz-wei\u00df","label":"Objektart"},{"value":"A\u00d6MV/2849","label":"Inventarnummer"},{"value":"[Recto:] Vieux Costumes du Val d'Illiez (Valais)\r[Verso:] CARTE POSTALE /// 78 R. Heyraud, Phot Editeur, St-Maurice Tous droits r\u00e9serves /// 2849 A // Trachten aus Savoyen.","label":"Inschrift / Aufschrift"},{"value":"Schenkung","label":"Erwerbungsart"}]}